{"id":164443,"date":"2024-11-08T12:28:42","date_gmt":"2024-11-08T18:28:42","guid":{"rendered":"https:\/\/nvnoticias.mx\/?p=164443"},"modified":"2024-11-08T12:28:43","modified_gmt":"2024-11-08T18:28:43","slug":"recibe-shakira-nominacion-al-grammy-por-su-album-las-mujeres-ya-no-lloran","status":"publish","type":"post","link":"https:\/\/nvnoticias.mx\/index.php\/2024\/11\/08\/recibe-shakira-nominacion-al-grammy-por-su-album-las-mujeres-ya-no-lloran\/","title":{"rendered":"Recibe Shakira nominaci\u00f3n al Grammy por su \u00e1lbum &#8216;Las Mujeres Ya No Lloran&#8217;"},"content":{"rendered":"\n<p>La ma\u00f1ana de este viernes 8 de noviembre se dieron a conocer todos los nominados a los Premios Grammy 2025 en donde las mayores estrellas de la m\u00fasica buscar\u00e1n llevarse el premio a la excelencia, a lo mejor del a\u00f1o, y por supuesto, Shakira no pod\u00eda pasar desapercibida.<\/p>\n\n\n\n<p>La cantante colombiana, despu\u00e9s de un a\u00f1o de rotundo \u00e9xito en su carrera y regreso musical, coron\u00f3 de gran manera este 2024 al recibir su nominaci\u00f3n al Grammy dentro de la categor\u00eda Mejor \u00c1lbum Pop Latino.<\/p>\n\n\n\n<p>El \u00e1lbum cat\u00e1rtico de Shakira tras su separaci\u00f3n con el ex futbolista Gerard Piqu\u00e9 le dio a facturar otro logro: la nominaci\u00f3n al Grammy a Mejor \u00c1lbum de Pop Latino.<\/p>\n\n\n\n<p>El matrimonio de la colombiana y el espa\u00f1ol dur\u00f3 casi 12 a\u00f1os y dej\u00f3 como testigo a dos hijos. La separaci\u00f3n fue uno de los eventos de mayor reflector en el 2022.<\/p>\n\n\n\n<p>Tiempo despu\u00e9s Shakira regres\u00f3 anunciando su nuevo posicionamiento ante esta situaci\u00f3n con la \u2018tiradera\u2019 hacia su ex pareja junto al argentino Bizarrap en la famosa Music Session 53.<br><\/p>\n\n\n\n<p>Fuente: <a href=\"https:\/\/www.milenio.com\/espectaculos\/musica\/shakira-nominada-premios-grammy-mujeres-lloran\" data-type=\"link\" data-id=\"https:\/\/www.milenio.com\/espectaculos\/musica\/shakira-nominada-premios-grammy-mujeres-lloran\">Milenio<\/a><\/p>\n","protected":false},"excerpt":{"rendered":"<p>La ma\u00f1ana de este viernes 8 de noviembre se dieron a conocer todos los nominados a los Premios Grammy 2025 en donde las mayores estrellas de la m\u00fasica buscar\u00e1n llevarse el premio a la excelencia, a lo mejor del a\u00f1o, y por supuesto, Shakira no pod\u00eda pasar desapercibida. La cantante colombiana, despu\u00e9s de un a\u00f1o [&hellip;]<\/p>\n","protected":false},"author":35,"featured_media":146109,"comment_status":"open","ping_status":"open","sticky":false,"template":"","format":"standard","meta":{"_monsterinsights_skip_tracking":false,"_monsterinsights_sitenote_active":false,"_monsterinsights_sitenote_note":"","_monsterinsights_sitenote_category":0,"footnotes":""},"categories":[576],"tags":[2068,29379,15601],"class_list":["post-164443","post","type-post","status-publish","format-standard","has-post-thumbnail","hentry","category-ocio","tag-grammy","tag-las-mujeres-ya-no-lloran","tag-shakira","wp-image-borders"],"amp_enabled":true,"_links":{"self":[{"href":"https:\/\/nvnoticias.mx\/index.php\/wp-json\/wp\/v2\/posts\/164443","targetHints":{"allow":["GET"]}}],"collection":[{"href":"https:\/\/nvnoticias.mx\/index.php\/wp-json\/wp\/v2\/posts"}],"about":[{"href":"https:\/\/nvnoticias.mx\/index.php\/wp-json\/wp\/v2\/types\/post"}],"author":[{"embeddable":true,"href":"https:\/\/nvnoticias.mx\/index.php\/wp-json\/wp\/v2\/users\/35"}],"replies":[{"embeddable":true,"href":"https:\/\/nvnoticias.mx\/index.php\/wp-json\/wp\/v2\/comments?post=164443"}],"version-history":[{"count":2,"href":"https:\/\/nvnoticias.mx\/index.php\/wp-json\/wp\/v2\/posts\/164443\/revisions"}],"predecessor-version":[{"id":164445,"href":"https:\/\/nvnoticias.mx\/index.php\/wp-json\/wp\/v2\/posts\/164443\/revisions\/164445"}],"wp:featuredmedia":[{"embeddable":true,"href":"https:\/\/nvnoticias.mx\/index.php\/wp-json\/wp\/v2\/media\/146109"}],"wp:attachment":[{"href":"https:\/\/nvnoticias.mx\/index.php\/wp-json\/wp\/v2\/media?parent=164443"}],"wp:term":[{"taxonomy":"category","embeddable":true,"href":"https:\/\/nvnoticias.mx\/index.php\/wp-json\/wp\/v2\/categories?post=164443"},{"taxonomy":"post_tag","embeddable":true,"href":"https:\/\/nvnoticias.mx\/index.php\/wp-json\/wp\/v2\/tags?post=164443"}],"curies":[{"name":"wp","href":"https:\/\/api.w.org\/{rel}","templated":true}]}}