{"id":164284,"date":"2024-11-06T12:59:06","date_gmt":"2024-11-06T18:59:06","guid":{"rendered":"https:\/\/nvnoticias.mx\/?p=164284"},"modified":"2024-11-06T12:59:07","modified_gmt":"2024-11-06T18:59:07","slug":"gaitan-al-premier-12-con-seleccion-mexicana","status":"publish","type":"post","link":"https:\/\/nvnoticias.mx\/index.php\/2024\/11\/06\/gaitan-al-premier-12-con-seleccion-mexicana\/","title":{"rendered":"Gait\u00e1n al Premier 12 con Selecci\u00f3n Mexicana"},"content":{"rendered":"\n<p><\/p>\n\n\n\n<p>El jardinero Alonso Gait\u00e1n ser\u00e1 el representante de El \u00c1guila de Veracruz con la Selecci\u00f3n Mexicana en Premier 12, que se realizar\u00e1 en Guadalajara, Jalisco, del 9 al 14 de noviembre.<\/p>\n\n\n\n<p>Alonso Gait\u00e1n entra al roster mexicano por Randy Romero; ahora el jardinero bajacaliforniano, se encuentra bajo las \u00f3rdenes del dirigente de la novena verde, Benjam\u00edn Gil, desde el early camp previo al arranque del torneo.<\/p>\n\n\n\n<p>Gait\u00e1n se une a Humberto Sosa en el 2015, como los dos representantes de El \u00c1guila de Veracruz con la Selecci\u00f3n Mexicana en el Premier 12.<\/p>\n\n\n\n<p>El Estadio Panamericano de los Charros, en Jalisco, y el Estadio Santa Teresita, en Nayarit, ser\u00e1n las sedes del Grupo A del Premier 12, sector que estar\u00e1 conformado por las selecciones de M\u00e9xico, Estados Unidos, Panam\u00e1, Puerto Rico, Venezuela y Pa\u00edses Bajos.Mientras que en el Grupo B est\u00e1n ubicados por Jap\u00f3n, Australia, Cuba, Rep\u00fablica Dominicana, Corea del Sur y China Taip\u00e9i. <\/p>\n\n\n\n<p>El primer juego del Grupo B ser\u00e1 el 13 de noviembre en Nagoya, Jap\u00f3n, y los restantes 14 encuentros se llevar\u00e1n a cabo en Taipei City.<\/p>\n\n\n\n<p>Los dos mejores equipos de cada grupo avanzar\u00e1n a la Super Ronda, a jugarse del 21 al 23 de noviembre de Tokio, Jap\u00f3n. <\/p>\n\n\n\n<p>El 24 de noviembre en Tokio se disputar\u00e1 la Gran Final del Premier 12 entre los dos mejores equipos de la Super Ronda.<\/p>\n","protected":false},"excerpt":{"rendered":"<p>El jardinero Alonso Gait\u00e1n ser\u00e1 el representante de El \u00c1guila de Veracruz con la Selecci\u00f3n Mexicana en Premier 12, que se realizar\u00e1 en Guadalajara, Jalisco, del 9 al 14 de noviembre. Alonso Gait\u00e1n entra al roster mexicano por Randy Romero; ahora el jardinero bajacaliforniano, se encuentra bajo las \u00f3rdenes del dirigente de la novena verde, [&hellip;]<\/p>\n","protected":false},"author":8,"featured_media":164285,"comment_status":"open","ping_status":"open","sticky":false,"template":"","format":"standard","meta":{"_monsterinsights_skip_tracking":false,"_monsterinsights_sitenote_active":false,"_monsterinsights_sitenote_note":"","_monsterinsights_sitenote_category":0,"footnotes":""},"categories":[159],"tags":[1195],"class_list":["post-164284","post","type-post","status-publish","format-standard","has-post-thumbnail","hentry","category-deportes","tag-el-aguila-de-veracruz","wp-image-borders"],"amp_enabled":true,"_links":{"self":[{"href":"https:\/\/nvnoticias.mx\/index.php\/wp-json\/wp\/v2\/posts\/164284","targetHints":{"allow":["GET"]}}],"collection":[{"href":"https:\/\/nvnoticias.mx\/index.php\/wp-json\/wp\/v2\/posts"}],"about":[{"href":"https:\/\/nvnoticias.mx\/index.php\/wp-json\/wp\/v2\/types\/post"}],"author":[{"embeddable":true,"href":"https:\/\/nvnoticias.mx\/index.php\/wp-json\/wp\/v2\/users\/8"}],"replies":[{"embeddable":true,"href":"https:\/\/nvnoticias.mx\/index.php\/wp-json\/wp\/v2\/comments?post=164284"}],"version-history":[{"count":1,"href":"https:\/\/nvnoticias.mx\/index.php\/wp-json\/wp\/v2\/posts\/164284\/revisions"}],"predecessor-version":[{"id":164286,"href":"https:\/\/nvnoticias.mx\/index.php\/wp-json\/wp\/v2\/posts\/164284\/revisions\/164286"}],"wp:featuredmedia":[{"embeddable":true,"href":"https:\/\/nvnoticias.mx\/index.php\/wp-json\/wp\/v2\/media\/164285"}],"wp:attachment":[{"href":"https:\/\/nvnoticias.mx\/index.php\/wp-json\/wp\/v2\/media?parent=164284"}],"wp:term":[{"taxonomy":"category","embeddable":true,"href":"https:\/\/nvnoticias.mx\/index.php\/wp-json\/wp\/v2\/categories?post=164284"},{"taxonomy":"post_tag","embeddable":true,"href":"https:\/\/nvnoticias.mx\/index.php\/wp-json\/wp\/v2\/tags?post=164284"}],"curies":[{"name":"wp","href":"https:\/\/api.w.org\/{rel}","templated":true}]}}