{"id":163886,"date":"2024-11-02T11:50:16","date_gmt":"2024-11-02T17:50:16","guid":{"rendered":"https:\/\/nvnoticias.mx\/?p=163886"},"modified":"2024-11-02T12:05:04","modified_gmt":"2024-11-02T18:05:04","slug":"pri-y-pan-de-nuevo-en-coalicion","status":"publish","type":"post","link":"https:\/\/nvnoticias.mx\/index.php\/2024\/11\/02\/pri-y-pan-de-nuevo-en-coalicion\/","title":{"rendered":"PRI y PAN, \u00bfDe nuevo en coalici\u00f3n?"},"content":{"rendered":"\n<p><\/p>\n\n\n\n<p><strong>Ricardo Chua <\/strong><\/p>\n\n\n\n<p>Todo parece indicar, seg\u00fan informaci\u00f3n de &#8220;Garganta Profunda&#8221;, que PAN y PRI volver\u00e1n a hacer alianzas pol\u00edticas.. Para poder participar en las elecciones venideras del 2025.. Esta situaci\u00f3n se debe a que cada d\u00eda la oposici\u00f3n se debilita m\u00e1s.. Y que de seguir as\u00ed, ambos partidos podr\u00edan en algunos a\u00f1os tener el mismo destino que tuvo el PRD: Desaparecer del mapa pol\u00edtico porque el electorado no vot\u00f3 ya por ellos.. Vienen elecciones en Veracruz y Durango.. Es ah\u00ed donde &#8220;jugaran&#8221; de nuevo juntos..<\/p>\n\n\n\n<p>Nos cuenta &#8220;Garganta Profunda&#8221; despu\u00e9s del 2 de junio pasado. Los estrategas electorales del PRIAN, les han recomendado, que pese a las cr\u00edticas de la sociedad y de todo lo adverso que pueda tener una alianza de este tipo entre estos dos partidos, que no les queda otro camino que volverse a juntar para caminar de nuevo juntos en los procesos electorales venideros.. Por lo menos en todas las elecciones que haya en M\u00e9xico de aqu\u00ed a la elecci\u00f3n federal del 2027.. Jugar todas juntos.. Tanto alcald\u00edas, diputaciones locales y gubernaturas..<\/p>\n\n\n\n<p>Estos &#8220;alquimistas&#8221; o &#8220;mapaches&#8221; electorales, tanto &#8220;azules&#8221; como &#8220;rojos&#8221;, argumentan que su posici\u00f3n se basa en los \u00faltimos resultados electorales del 2 de junio.. La sociedad, al menos, un poco menos de la mitad, les dio el voto como coalici\u00f3n.. Un 43 por ciento de la poblaci\u00f3n vot\u00f3 por ellos.. Por eso, se\u00f1alan que, al menos, deben probar en las elecciones a presidencias municipales en Veracruz y en el proceso electoral local a diputados locales y alcald\u00edas en Durango, a celebrarse en 2025, de volver a ir juntos.. Si no esto puede ser adverso para el PRIAN..<\/p>\n\n\n\n<p>&#8220;Garganta Profunda&#8221; comenta adem\u00e1s que no les quedar\u00e1 de otra porque, por ejemplo, en Veracruz en la elecci\u00f3n a alcald\u00edas, si van solos, el PRI puede caer a un 3 a 5 por ciento de preferencia electoral.. Lo que podr\u00eda provocar que en 2027 pueda hasta perder el registro local en esta entidad.. Aqu\u00ed s\u00f3lo el PAN sobrevivir\u00eda con un 8 a 9 por ciento.. Situaci\u00f3n adversa pasa en Durango, donde el riesgo del PAN es quedar en el 3 por ciento y desaparecer unos a\u00f1os despu\u00e9s, mientras que el PRI mantendr\u00eda la hegemon\u00eda en ese estado junto con MORENA..<\/p>\n\n\n\n<p>Esta situaci\u00f3n es algo que ya lo saben en el comit\u00e9 nacional del PRI y del propio PAN, aunque estos est\u00e9n inmersos en un proceso electoral interno para renovar presidente nacional de partido.. As\u00ed que Alejandro Moreno C\u00e1rdenas y quien quede como sucesor de Marko Cort\u00e9s.. Ya sea Jorge Romero o Adriana D\u00e1vila.. Tendr\u00e1n que firmar de nuevo la alianza a nivel nacional para que en estos dos estados &#8220;jueguen&#8221; juntos.. Y el resultado que tendr\u00e1n frente a MORENA ser\u00e1 mucho mejor en coalici\u00f3n, que si cada uno fuera por su lado..<\/p>\n\n\n\n<p>Por ello, &#8220;Garganta Profunda&#8221; comenta que el acuerdo que firmen esta coalici\u00f3n ser\u00e1 en el CEN de cada partido.. As\u00ed los comit\u00e9s estatales lo tendr\u00e1n que acatar y no habr\u00eda &#8220;patadas debajo de la mesa&#8221; por las candidaturas porque todo vendr\u00eda dado desde el CEN.. As\u00ed se evitan pleitos por intereses locales.. Acatan los acuerdos nacionales y el PRI-PAN jugan juntos en este proceso electoral local en Veracruz y Durango.. De lo que resulte, ya se ver\u00e1 para posteriores elecciones..<\/p>\n\n\n\n<p>De la misma manera, nos dicen que la informaci\u00f3n que hay en CDMX.. Es que pese a todos los conflictos que hubo antes del 2 de junio pasado.. Entre el PRI-PAN y Movimiento Ciudadano, se puede tener una &#8220;tregua&#8221; para buscar la manera de que puedan lograr una coalici\u00f3n opositora total.. Con MC ya que este partido se dio cuenta de la manera que MORENA ha tratado a sus pol\u00edticos en la c\u00e1mara de diputados federales y en el Senado.. Donde ya les quitaron un senador.. Para obtener esa famosa mayor\u00eda calificada en el Congreso de la Uni\u00f3n..<\/p>\n\n\n\n<p>Ya en el Congreso Federal se ha visto trabajar juntos a Movimiento Ciudadano con el PRI (que eran los principales partidos antagonistas) y ambos acuerdan con el PAN.. Dado la &#8220;avalancha&#8221; que ha sido MORENA para ellos en todos los sentidos con diputados federales y senadores.. Ya tambi\u00e9n a MC no le queda otra m\u00e1s que unirse con sus antagonistas pasados.. Si no quiere empezar a sufrir lo mismo que vive el PRI y vivi\u00f3 el PRD en algunos a\u00f1os.. As\u00ed que en 2025 tanto Veracruz como Durango podr\u00edan ser ese &#8220;laboratorio&#8221;.. \u00bfSE PODR\u00c1?..<\/p>\n\n\n\n<p>REFLEXI\u00d3N.. Al PAN le queda claro que si va s\u00f3lo, estar\u00e1 a unas cuantas elecciones en M\u00e9xico y se convertir\u00e1 en lo que hoy es el PRI.. Al priismo sabe tambi\u00e9n que si &#8220;juega&#8221; solo est\u00e1 a unos procesos electorales de convertirse en lo que hoy es el PRD, es decir, nada porque perdi\u00f3 el registro.. Y MC, si va s\u00f3lo, una &#8220;carta fuerte&#8221;: Samuel Garc\u00eda, gobernador de Nuevo Le\u00f3n, caer\u00e1 en desgracia y MORENA les ganar\u00e1 el Estado en 2027.. La coalici\u00f3n es su \u00fanico camino.. Por ahora, ya despu\u00e9s se ver\u00e1.. EL QUE ENTENDI\u00d3, ENTENDI\u00d3..<\/p>\n","protected":false},"excerpt":{"rendered":"<p>Ricardo Chua Todo parece indicar, seg\u00fan informaci\u00f3n de &#8220;Garganta Profunda&#8221;, que PAN y PRI volver\u00e1n a hacer alianzas pol\u00edticas.. Para poder participar en las elecciones venideras del 2025.. Esta situaci\u00f3n se debe a que cada d\u00eda la oposici\u00f3n se debilita m\u00e1s.. Y que de seguir as\u00ed, ambos partidos podr\u00edan en algunos a\u00f1os tener el mismo [&hellip;]<\/p>\n","protected":false},"author":29,"featured_media":163887,"comment_status":"open","ping_status":"open","sticky":false,"template":"","format":"standard","meta":{"_monsterinsights_skip_tracking":false,"_monsterinsights_sitenote_active":false,"_monsterinsights_sitenote_note":"","_monsterinsights_sitenote_category":0,"footnotes":""},"categories":[245],"tags":[327],"class_list":["post-163886","post","type-post","status-publish","format-standard","has-post-thumbnail","hentry","category-dialogos-de-poder","tag-ricardo-chua","wp-image-borders"],"amp_enabled":true,"_links":{"self":[{"href":"https:\/\/nvnoticias.mx\/index.php\/wp-json\/wp\/v2\/posts\/163886","targetHints":{"allow":["GET"]}}],"collection":[{"href":"https:\/\/nvnoticias.mx\/index.php\/wp-json\/wp\/v2\/posts"}],"about":[{"href":"https:\/\/nvnoticias.mx\/index.php\/wp-json\/wp\/v2\/types\/post"}],"author":[{"embeddable":true,"href":"https:\/\/nvnoticias.mx\/index.php\/wp-json\/wp\/v2\/users\/29"}],"replies":[{"embeddable":true,"href":"https:\/\/nvnoticias.mx\/index.php\/wp-json\/wp\/v2\/comments?post=163886"}],"version-history":[{"count":1,"href":"https:\/\/nvnoticias.mx\/index.php\/wp-json\/wp\/v2\/posts\/163886\/revisions"}],"predecessor-version":[{"id":163888,"href":"https:\/\/nvnoticias.mx\/index.php\/wp-json\/wp\/v2\/posts\/163886\/revisions\/163888"}],"wp:featuredmedia":[{"embeddable":true,"href":"https:\/\/nvnoticias.mx\/index.php\/wp-json\/wp\/v2\/media\/163887"}],"wp:attachment":[{"href":"https:\/\/nvnoticias.mx\/index.php\/wp-json\/wp\/v2\/media?parent=163886"}],"wp:term":[{"taxonomy":"category","embeddable":true,"href":"https:\/\/nvnoticias.mx\/index.php\/wp-json\/wp\/v2\/categories?post=163886"},{"taxonomy":"post_tag","embeddable":true,"href":"https:\/\/nvnoticias.mx\/index.php\/wp-json\/wp\/v2\/tags?post=163886"}],"curies":[{"name":"wp","href":"https:\/\/api.w.org\/{rel}","templated":true}]}}