{"id":163763,"date":"2024-10-31T08:58:53","date_gmt":"2024-10-31T14:58:53","guid":{"rendered":"https:\/\/nvnoticias.mx\/?p=163763"},"modified":"2024-10-31T08:58:55","modified_gmt":"2024-10-31T14:58:55","slug":"pvem-pacta-con-esteban-bautista","status":"publish","type":"post","link":"https:\/\/nvnoticias.mx\/index.php\/2024\/10\/31\/pvem-pacta-con-esteban-bautista\/","title":{"rendered":"PVEM Pacta con Esteban Bautista&#8230;"},"content":{"rendered":"\n<p><\/p>\n\n\n\n<p>Ricardo Chua<\/p>\n\n\n\n<p>OJO.. Se sigue debilitando la oposici\u00f3n en Veracruz.. Dice \u201cGarganta Profunda\u201d que reci\u00e9n inicie sus trabajos el nuevo Congreso Local, el pr\u00f3ximo 5 de noviembre, al menos, tiene informes que dos diputados de los partidos opositores (PAN, PRI y Movimiento Ciudadano) se ir\u00e1n de sus bancadas para irse a refugiar primero como \u201cindependientes\u201d para que en un futuro no muy lejano se integren a las bancadas de los partidos en el poder.. Quienes ser\u00e1n.. Estamos a menos de una semana de enterarnos.. En todos lados se dan este tipo de especies.. A esperar.. AMEN<\/p>\n\n\n\n<p>PVEM PACTA CON ESTEBAN BAUTISTA.. Los que ya andan buscando acuerdos para bo querdarse fuera del \u201cpetate yy metate\u201d legislativo en el Congreso Local en Veracruz.. Son los futuros diputados locales del PVEM.. Ya que en su calidad de coordinador del Grupo Legislativo de los \u201cVerdes\u201d, Marcelo Ruiz S\u00e1nchez, ya fue a ponerse a las ordenes del proximo lider de la Junta de Coordinaci\u00f3n Politica, Estaban Bautista Hernandez para decirle\u2026 \u201cAqu\u00ed estamos para lo que se ofrezca\u201d..<\/p>\n\n\n\n<p>Obvio Marcelo Ruiz tomo estos acuerdos previo a la instalaci\u00f3n de la LXVII Legislatura de Veracruz.. Ya que es una realidad que con 6 legisladores, el PVEM ser\u00e1 la segunda fuerza en el futuro Congreso Local y ser\u00e1 coordinada por \u00e9l.. Todo esto de acuerdo a la decisi\u00f3n que se tom\u00f3 en la Reuni\u00f3n Plenaria de las y los diputados locales convocada por el Comit\u00e9 Ejecutivo Estatal para definir la Agenda Verde.. Y empezar los trabajos legislativos..<\/p>\n\n\n\n<p>Motivo por el cual los diputadas locales electos del PVEM, Mar\u00eda Cruz Mej\u00eda, Estefania Bastida Cuevas, Angelica Pe\u00f1a Mart\u00ednez y los diputados, Carlos Marcelo Ruiz S\u00e1nchez, Igor Roji L\u00f3pez y Urbano Bautista Mart\u00ednez se reunieron para designar a su pr\u00f3ximo coordinador de Grupo Legislativo y conocer las facultades, funciones y atribuciones de su gesti\u00f3n como representantes populares.. Mismo que se decidio fuera Marcelo Ruiz..<\/p>\n\n\n\n<p>Nos cuentan que en su participaci\u00f3n los legisladores de representaci\u00f3n directa y proporcional comprometieron su responsabilidad en las tareas de legislar, fiscalizar los recursos p\u00fablicos, aprobaci\u00f3n de presupuestos y la designaci\u00f3n de servidores p\u00fablicos en los que el Congreso de Veracruz tiene la facultad de nombrar.<\/p>\n\n\n\n<p>En la reuni\u00f3n Marcelo Ruiz S\u00e1nchez y el secretario de Organizaci\u00f3n del Comit\u00e9 Edgar Herrera Lendechy, coincidieron en el compromiso del Grupo Legislativo del Partido Verde para trabajar y mejorar la legislaci\u00f3n para beneficio de m\u00e1s de 8.6 millones de veracruzanos representados por los diputados.. Ruiz S\u00e1nchez expuso que como partido aliado de la 4T, los legisladores \u201cVerdes\u201d conf\u00edan en la interlocuci\u00f3n proactiva con el nuevo gobierno que encabezar\u00e1, la titular Roc\u00edo Nahle Garc\u00eda y su Plan de Desarrollo 2025-2030 para Veracruz.<\/p>\n\n\n\n<p>Se comenta que los \u201cVerdes\u201d conf\u00edan en la pr\u00f3xima Gobernadora de Veracruz, Roc\u00edo Nahle, y que como parte de la alianza, la van a respaldar de manera muy responsable en las iniciativas del Ejecutivo al Congreso Local como parte de la transformaci\u00f3n.. Destac\u00f3 que la Agenda Legislativa Verde promover\u00e1 modificaciones a las leyes estatales sobre todo para atender carencias de la poblaci\u00f3n vulnerable y del desarrollo sustentable ambiental..<\/p>\n\n\n\n<p>Sobre todo, se logro saber que estas propuestas ven\u00edan para atender todo lo que se refiere al desabasto de agua, atenci\u00f3n a delitos ambientales, empleo para personas con discapacidad, tecnolog\u00eda contra el crimen, promover la Fiscal\u00eda de la Mujer y protecci\u00f3n al medio ambiente y contenci\u00f3n del deterioro ecol\u00f3gico, entre otros temas de prioridad para Veracruz..<\/p>\n\n\n\n<p>Despu\u00e9s los legisladores tuvieron una comunicaci\u00f3n digital, desde el CEN del Partido Verde, con el Secretario de Organizaci\u00f3n y Diputado Federal, Javier Herrera Borunda, quien ofreci\u00f3 todo el respaldo a los legisladores locales veracruzanos desde el partido y la C\u00e1mara de Diputados del Congreso de la Uni\u00f3n donde ocupa la Presidencia de la Comisi\u00f3n de Vigilancia de la Auditor\u00eda Superior de la Federaci\u00f3n\u2026 Para sacar cualquier acuerdo que beneficie a Veracruz.. El PVEM se est\u00e1 \u201carmando\u201d en el Congreso Local,,, AMEN..<\/p>\n","protected":false},"excerpt":{"rendered":"<p>Ricardo Chua OJO.. Se sigue debilitando la oposici\u00f3n en Veracruz.. Dice \u201cGarganta Profunda\u201d que reci\u00e9n inicie sus trabajos el nuevo Congreso Local, el pr\u00f3ximo 5 de noviembre, al menos, tiene informes que dos diputados de los partidos opositores (PAN, PRI y Movimiento Ciudadano) se ir\u00e1n de sus bancadas para irse a refugiar primero como \u201cindependientes\u201d [&hellip;]<\/p>\n","protected":false},"author":29,"featured_media":163774,"comment_status":"open","ping_status":"open","sticky":false,"template":"","format":"standard","meta":{"_monsterinsights_skip_tracking":false,"_monsterinsights_sitenote_active":false,"_monsterinsights_sitenote_note":"","_monsterinsights_sitenote_category":0,"footnotes":""},"categories":[245],"tags":[327],"class_list":["post-163763","post","type-post","status-publish","format-standard","has-post-thumbnail","hentry","category-dialogos-de-poder","tag-ricardo-chua","wp-image-borders"],"amp_enabled":true,"_links":{"self":[{"href":"https:\/\/nvnoticias.mx\/index.php\/wp-json\/wp\/v2\/posts\/163763","targetHints":{"allow":["GET"]}}],"collection":[{"href":"https:\/\/nvnoticias.mx\/index.php\/wp-json\/wp\/v2\/posts"}],"about":[{"href":"https:\/\/nvnoticias.mx\/index.php\/wp-json\/wp\/v2\/types\/post"}],"author":[{"embeddable":true,"href":"https:\/\/nvnoticias.mx\/index.php\/wp-json\/wp\/v2\/users\/29"}],"replies":[{"embeddable":true,"href":"https:\/\/nvnoticias.mx\/index.php\/wp-json\/wp\/v2\/comments?post=163763"}],"version-history":[{"count":1,"href":"https:\/\/nvnoticias.mx\/index.php\/wp-json\/wp\/v2\/posts\/163763\/revisions"}],"predecessor-version":[{"id":163775,"href":"https:\/\/nvnoticias.mx\/index.php\/wp-json\/wp\/v2\/posts\/163763\/revisions\/163775"}],"wp:featuredmedia":[{"embeddable":true,"href":"https:\/\/nvnoticias.mx\/index.php\/wp-json\/wp\/v2\/media\/163774"}],"wp:attachment":[{"href":"https:\/\/nvnoticias.mx\/index.php\/wp-json\/wp\/v2\/media?parent=163763"}],"wp:term":[{"taxonomy":"category","embeddable":true,"href":"https:\/\/nvnoticias.mx\/index.php\/wp-json\/wp\/v2\/categories?post=163763"},{"taxonomy":"post_tag","embeddable":true,"href":"https:\/\/nvnoticias.mx\/index.php\/wp-json\/wp\/v2\/tags?post=163763"}],"curies":[{"name":"wp","href":"https:\/\/api.w.org\/{rel}","templated":true}]}}