{"id":163672,"date":"2024-10-30T08:22:19","date_gmt":"2024-10-30T14:22:19","guid":{"rendered":"https:\/\/nvnoticias.mx\/?p=163672"},"modified":"2024-10-30T08:22:59","modified_gmt":"2024-10-30T14:22:59","slug":"la-sucesion-del-2030-la-hostoria-continua","status":"publish","type":"post","link":"https:\/\/nvnoticias.mx\/index.php\/2024\/10\/30\/la-sucesion-del-2030-la-hostoria-continua\/","title":{"rendered":"La sucesi\u00f3n del 2030, la historia contin\u00faa"},"content":{"rendered":"\n<p><strong>Ricardo Chua<\/strong><\/p>\n\n\n\n<p>Un poderoso pol\u00edtico de MORENA a nivel nacional y Veracruz, ex panista y ex priista, llam\u00f3 y dijo: &#8220;Lo que escribiste de la sucesi\u00f3n al gobierno de Veracruz en 2030, sobre -Morenos- que no se ven dentro de los proyectos y gobierno de Roc\u00edo (Nahle) es cierto, andan buscando a Javier (Herrera) y Sergio (Guti\u00e9rrez), pero hay una observaci\u00f3n en tu columna muy, muy pero muy imperante y con esto -rompo- no del todo tu teor\u00eda&#8221;.. Pregunte: \u00bfC\u00faal?\u2026 Respondi\u00f3: &#8220;Andr\u00e9s Manuel L\u00f3pez Beltr\u00e1n&#8221;.. ABROONN<\/p>\n\n\n\n<p>De nuevo se pregunt\u00f3: &#8220;\u00bfPor qu\u00e9 lo dices, dame una raz\u00f3n para esa observaci\u00f3n sobre -Andy-?.. El pol\u00edtico morenista coment\u00f3 de manera directa: &#8221; Hay una cosa que no han entendido en la -aldea- veracruzana, tampoco muchos ac\u00e1 en CDMX se dan cuenta, menos en otros estados del pa\u00eds porque muchos andan pensando, como piensan en Veracruz. No han entendido que de aqu\u00ed en adelante del 2025 al 2030, la definici\u00f3n de esas candidaturas (a gobernador) van a ir de la mano de \u00e9l, de nadie m\u00e1s, por eso est\u00e1 ah\u00ed en la dirigencia nacional de MORENA&#8221;..<\/p>\n\n\n\n<p>Se vuelve a cuestionar: &#8220;\u00bfEn qu\u00e9 sentido das ese argumento que comentas porque siempre es primero el Presidente, que el hijo del ex Presidente?&#8221;\u2026 Volvi\u00f3 a responder: &#8220;Es lo que no se han dado cuenta, en MORENA es distinto, no es un partido, te lo digo yo que estoy dentro, es un movimiento cuya figura m\u00e1xima es Andr\u00e9s Manuel L\u00f3pez Obrador, la propia Presidenta, Claudia Shienbaum lo deja en claro todas las ma\u00f1anas en sus -ma\u00f1aneras-, \u00e9l sigue manejando al partido y al movimiento, que es a\u00fan m\u00e1s fuerte que el gobierno federal, es la raz\u00f3n&#8221;<\/p>\n\n\n\n<p>Contin\u00fao: &#8220;Lo que se sabe en el CEN de MORENA, que \u00e9l va a construir la operaci\u00f3n pol\u00edtica del partido para retener las gubernaturas y ganar las que faltan en ese lapso de 6 a\u00f1os, se valdr\u00e1 de lo que se tenga que valer para obtenerlas, \u00e9l va a decidir por encima de Luisa (Alcalde Luj\u00e1n), a \u00e9l los que quieran ser candidatos a gobernadores tendr\u00e1n que llevar su propuesta y \u00e9l tendr\u00e1 a cargo la responsabilidad de la operaci\u00f3n pol\u00edtica y econ\u00f3mica de los aspirantes, t\u00fa sabes de esto, tiene que preparar su camino para el 2030, si \u00e9l quiere ser candidato&#8221;..<\/p>\n\n\n\n<p>&#8220;En serio, \u00bfneta?, entonces, qu\u00e9 har\u00e1 la Presidenta, Claudia Shienbaum, ella no ser\u00e1 la gran -electora-&#8220;, le dije\u2026 Me volvi\u00f3 a responder: &#8220;No, al menos, no de aqu\u00ed al 2027 tiene mucho trabajo que hacer, ver la manera que el pa\u00eds se le pueda caer con una gran -inflaci\u00f3n- econ\u00f3mica o peor a\u00fan con una devaluaci\u00f3n, finalmente, ella ya es Presidenta, ahora que se preocupen los otros, los que quieren ser, as\u00ed que si me preguntas, aqu\u00ed en Palacio Nacional vemos que muy poco meter\u00e1 la -mano- la Presidenta en esas definiciones estatales, se lo deja a Andy&#8221;..<\/p>\n\n\n\n<p>Se le comenta: &#8220;Por lo que dices, entonces, -Andy- ser\u00eda el m\u00e1s fuerte aspirante Presidencial, \u00bfno?&#8221;.. A lo que dijo el pol\u00edtico Moreno: &#8220;Pues, si eso suena aqu\u00ed en CDMX, en algunos rincones del Palacio Nacional y obviamente en el comit\u00e9 nacional de MORENA, es m\u00e1s se dice que el senador, Ad\u00e1n Augusto L\u00f3pez es su coordinador de pre pre pre campa\u00f1a ja ja ja ja, pero eso que me dices refuerza con mayor raz\u00f3n mi argumento, Andy ver\u00e1 el tema de la gubernaturas, diputaciones federales y congresos estatales, con mayor raz\u00f3n \u00e9l la arma&#8221;..<\/p>\n\n\n\n<p>&#8220;Pero, entonces, los dem\u00e1s quedan fuera, habr\u00e1 problemas&#8221;, se le dice y \u00e9l comenta: &#8220;Si, de hecho veo a (Ricardo) Monreal, Marcelo (Ebrad) y (Gerardo Fern\u00e1ndez) Noro\u00f1a muy -encabritados- por eso, hasta (Omar Garc\u00eda) Harfuch. Recuerda que en Veracruz sucedi\u00f3 algo similar, cuando Miguel Yunes (Linares) instruy\u00f3 a su equipo que el nuevo -l\u00edder- de ese grupo ser\u00eda -Miguelito- (Yunes M\u00e1rquez), pero muchos no lo aceptaron y se le -abrieron- porque creyeron que ellos no crecer\u00edan m\u00e1s pol\u00edticamente&#8221;\u2026<\/p>\n\n\n\n<p>Prosigui\u00f3: &#8220;Por eso, se fue de su grupo Jorge Santos, Pedro Yunes, Juan Herrera, Enrique Ampudia, tiempo despu\u00e9s hasta su sobrino -El Tato- (Eduardo Vega Yunes) se fue, por ello creo que algo similar pudiera suceder en esa esfera de MORENA porque todos ellos aspiran y se pudiera decir que Ebrard se disciplino dos veces y los dem\u00e1s est\u00e1n con Claudia, ah\u00ed es quiz\u00e1s donde haya -jaloneos- en las sucesiones estatales como Veracruz aunque falten 6 a\u00f1os para la misma, pero ya hay muchos buscando cu\u00e1les ser\u00e1n los perfiles para esa sucesi\u00f3n&#8221;..<\/p>\n\n\n\n<p>Por \u00faltimo se le cuestion\u00f3: &#8220;Con todo eso que dices, entonces, \u00bfQu\u00e9 pasar\u00eda con ese tema de la sucesi\u00f3n en Veracruz?.. Concluy\u00f3. &#8220;Cuando tome el poder en Veracruz, Roc\u00edo Nahle, ya veremos como la tratan desde CDMX, veremos la cercan\u00eda real que se dice que tiene con la Presidencia, ac\u00e1 hay muchos que tienen sus reservas con el caso Veracruz, por eso es cierto cuando dices que la sucesi\u00f3n en 2030 de la -aldea jarocha- se decidir\u00e1 ac\u00e1 en el -altiplano- es real, pero yo creo que ser\u00e1 a trav\u00e9s de -Andy-, no de la Presidenta\u2026<\/p>\n\n\n\n<p>&#8220;Pero es una realidad que no s\u00f3lo Javier Herrera o Guti\u00e9rrez Luna son los \u00fanicos, yo a ellos no los veo cerca de -Andy-, vamos bien lo dijiste, no hay que perderle la vista a Miguelito Yunes M\u00e1rquez, es cercano a Ad\u00e1n Augusto y \u00e9l es cercano a -Andy- y en MORENA todo puede pasar. Pero, no hay que descartar a (Ricardo) Ahued y hay que tomar en cuenta a Claudia Tello, es la cercana a Roc\u00edo, pero hay que esperar si alg\u00fan otro surge, pero en el arranque del sexenio de Nahle, ellos son los que pudieran estar en la mesa de la sucesi\u00f3n en Veracruz en 2030&#8221;.. EL QUE ENTENDI\u00d3.. LO ENTENDI\u00d3.. THE END..<\/p>\n","protected":false},"excerpt":{"rendered":"<p>Ricardo Chua Un poderoso pol\u00edtico de MORENA a nivel nacional y Veracruz, ex panista y ex priista, llam\u00f3 y dijo: &#8220;Lo que escribiste de la sucesi\u00f3n al gobierno de Veracruz en 2030, sobre -Morenos- que no se ven dentro de los proyectos y gobierno de Roc\u00edo (Nahle) es cierto, andan buscando a Javier (Herrera) y [&hellip;]<\/p>\n","protected":false},"author":29,"featured_media":163673,"comment_status":"open","ping_status":"open","sticky":false,"template":"","format":"standard","meta":{"_monsterinsights_skip_tracking":false,"_monsterinsights_sitenote_active":false,"_monsterinsights_sitenote_note":"","_monsterinsights_sitenote_category":0,"footnotes":""},"categories":[245],"tags":[],"class_list":["post-163672","post","type-post","status-publish","format-standard","has-post-thumbnail","hentry","category-dialogos-de-poder","wp-image-borders"],"amp_enabled":true,"_links":{"self":[{"href":"https:\/\/nvnoticias.mx\/index.php\/wp-json\/wp\/v2\/posts\/163672","targetHints":{"allow":["GET"]}}],"collection":[{"href":"https:\/\/nvnoticias.mx\/index.php\/wp-json\/wp\/v2\/posts"}],"about":[{"href":"https:\/\/nvnoticias.mx\/index.php\/wp-json\/wp\/v2\/types\/post"}],"author":[{"embeddable":true,"href":"https:\/\/nvnoticias.mx\/index.php\/wp-json\/wp\/v2\/users\/29"}],"replies":[{"embeddable":true,"href":"https:\/\/nvnoticias.mx\/index.php\/wp-json\/wp\/v2\/comments?post=163672"}],"version-history":[{"count":2,"href":"https:\/\/nvnoticias.mx\/index.php\/wp-json\/wp\/v2\/posts\/163672\/revisions"}],"predecessor-version":[{"id":163675,"href":"https:\/\/nvnoticias.mx\/index.php\/wp-json\/wp\/v2\/posts\/163672\/revisions\/163675"}],"wp:featuredmedia":[{"embeddable":true,"href":"https:\/\/nvnoticias.mx\/index.php\/wp-json\/wp\/v2\/media\/163673"}],"wp:attachment":[{"href":"https:\/\/nvnoticias.mx\/index.php\/wp-json\/wp\/v2\/media?parent=163672"}],"wp:term":[{"taxonomy":"category","embeddable":true,"href":"https:\/\/nvnoticias.mx\/index.php\/wp-json\/wp\/v2\/categories?post=163672"},{"taxonomy":"post_tag","embeddable":true,"href":"https:\/\/nvnoticias.mx\/index.php\/wp-json\/wp\/v2\/tags?post=163672"}],"curies":[{"name":"wp","href":"https:\/\/api.w.org\/{rel}","templated":true}]}}