{"id":16356,"date":"2021-06-16T10:29:44","date_gmt":"2021-06-16T15:29:44","guid":{"rendered":"https:\/\/nvnoticias.mx\/?p=16356"},"modified":"2021-06-16T10:29:45","modified_gmt":"2021-06-16T15:29:45","slug":"reportan-hoteleros-mejores-niveles-de-ocupacion","status":"publish","type":"post","link":"https:\/\/nvnoticias.mx\/index.php\/2021\/06\/16\/reportan-hoteleros-mejores-niveles-de-ocupacion\/","title":{"rendered":"Reportan hoteleros mejores niveles de ocupaci\u00f3n y recontrataci\u00f3n de personal"},"content":{"rendered":"\n<p><strong>Jes\u00fas Utrilla \/ NV Noticias<\/strong><\/p>\n\n\n\n<p>Veracruz. \u2013 Abril y mayo registraron mejores niveles de ocupaci\u00f3n y de seguir la tendencia positiva se proyecta que las vacaciones de verano pudieran alcanzar ocupaciones similares a las de a\u00f1os anteriores de un 80 por ciento, dijo el presidente de la Asociaci\u00f3n de Hoteles y Moteles, Santiago Caram\u00e9s Chaparro.<\/p>\n\n\n\n<p>El empresario mencion\u00f3 que en abril el promedio de ocupaci\u00f3n hotelera fue de un cincuenta por ciento, mientras que los fines de semana de mayo, se elev\u00f3 hasta el 70 por ciento, por lo que las proyecciones para julio y agosto son buenas.<\/p>\n\n\n\n<p>Atribuy\u00f3 la mejora de las cifras, al avance de la vacunaci\u00f3n y a la necesidad de las familias de salir a despejarse, tras los varios meses de confinamiento.<\/p>\n\n\n\n<blockquote class=\"wp-block-quote is-layout-flow wp-block-quote-is-layout-flow\"><p>\u201cLa realidad es que en estos \u00faltimos meses abril y mayo ya hemos visto mejor\u00eda en cuanto a la afluencia de visitantes y si esto sigue as\u00ed, vamos a tener un buen verano. Creo que la cuesti\u00f3n de vacunaci\u00f3n ha ayudado bastante. Desde luego si el sem\u00e1foro nos permite en un color que nos favorezca y creo que si seguimos con esta l\u00ednea que traemos, tendremos un repunte importante para verano. Yo calculo que estar\u00edamos alcanzando niveles de los que estamos acostumbrados un promedio arriba del 80 por ciento\u201d.<\/p><\/blockquote>\n\n\n\n<p>El entrevistado report\u00f3 que aunado a ello, la recuperaci\u00f3n de empleos perdidos a consecuencia de la pandemia del Covid, tambi\u00e9n empez\u00f3 a darse y el organismo empresarial ha sido el v\u00ednculo.<\/p>\n\n\n\n<p>Desde marzo ya se est\u00e1 dando la recontrataci\u00f3n de personal, no obstante, est\u00e1 se est\u00e1 realizando de acuerdo a la necesidad y tama\u00f1o del establecimiento de hospedaje.<\/p>\n\n\n\n<blockquote class=\"wp-block-quote is-layout-flow wp-block-quote-is-layout-flow\"><p>\u201cDesde luego ya se est\u00e1 dando, aqu\u00ed en la asociaci\u00f3n tenemos bolsa de trabajo y por eso lo vemos muy claro, ya se est\u00e1 comenzando a dar desde diciembre, en enero baj\u00f3 mucho, pero desde marzo a abril, mayo tambi\u00e9n, si seguimos as\u00ed esperamos una recuperaci\u00f3n buena para verano\u201d, coment\u00f3.<\/p><\/blockquote>\n\n\n\n<p>Por cuanto hace al costo de las tarifas de la regi\u00f3n, dijo que no prev\u00e9n ajustarlas, inclusive se encuentran por debajo o igual a la habitual, aunque eso depender\u00e1 de cada hotel y su categor\u00eda.<\/p>\n\n\n\n<p>Por lo que considera que es el mejor momento para visitar la conurbaci\u00f3n porque est\u00e1 habiendo tarifas muy econ\u00f3micas.<\/p>\n","protected":false},"excerpt":{"rendered":"<p>Jes\u00fas Utrilla \/ NV Noticias Veracruz. \u2013 Abril y mayo registraron mejores niveles de ocupaci\u00f3n y de seguir la tendencia positiva se proyecta que las vacaciones de verano pudieran alcanzar ocupaciones similares a las de a\u00f1os anteriores de un 80 por ciento, dijo el presidente de la Asociaci\u00f3n de Hoteles y Moteles, Santiago Caram\u00e9s Chaparro. [&hellip;]<\/p>\n","protected":false},"author":6,"featured_media":16357,"comment_status":"open","ping_status":"open","sticky":false,"template":"","format":"standard","meta":{"_monsterinsights_skip_tracking":false,"_monsterinsights_sitenote_active":false,"_monsterinsights_sitenote_note":"","_monsterinsights_sitenote_category":0,"footnotes":""},"categories":[154],"tags":[742,2873,180],"class_list":["post-16356","post","type-post","status-publish","format-standard","has-post-thumbnail","hentry","category-veracruz","tag-hoteles","tag-ocupacion-hotelera","tag-veracruz","wp-image-borders"],"amp_enabled":true,"_links":{"self":[{"href":"https:\/\/nvnoticias.mx\/index.php\/wp-json\/wp\/v2\/posts\/16356","targetHints":{"allow":["GET"]}}],"collection":[{"href":"https:\/\/nvnoticias.mx\/index.php\/wp-json\/wp\/v2\/posts"}],"about":[{"href":"https:\/\/nvnoticias.mx\/index.php\/wp-json\/wp\/v2\/types\/post"}],"author":[{"embeddable":true,"href":"https:\/\/nvnoticias.mx\/index.php\/wp-json\/wp\/v2\/users\/6"}],"replies":[{"embeddable":true,"href":"https:\/\/nvnoticias.mx\/index.php\/wp-json\/wp\/v2\/comments?post=16356"}],"version-history":[{"count":1,"href":"https:\/\/nvnoticias.mx\/index.php\/wp-json\/wp\/v2\/posts\/16356\/revisions"}],"predecessor-version":[{"id":16358,"href":"https:\/\/nvnoticias.mx\/index.php\/wp-json\/wp\/v2\/posts\/16356\/revisions\/16358"}],"wp:featuredmedia":[{"embeddable":true,"href":"https:\/\/nvnoticias.mx\/index.php\/wp-json\/wp\/v2\/media\/16357"}],"wp:attachment":[{"href":"https:\/\/nvnoticias.mx\/index.php\/wp-json\/wp\/v2\/media?parent=16356"}],"wp:term":[{"taxonomy":"category","embeddable":true,"href":"https:\/\/nvnoticias.mx\/index.php\/wp-json\/wp\/v2\/categories?post=16356"},{"taxonomy":"post_tag","embeddable":true,"href":"https:\/\/nvnoticias.mx\/index.php\/wp-json\/wp\/v2\/tags?post=16356"}],"curies":[{"name":"wp","href":"https:\/\/api.w.org\/{rel}","templated":true}]}}