{"id":163447,"date":"2024-10-28T07:59:18","date_gmt":"2024-10-28T13:59:18","guid":{"rendered":"https:\/\/nvnoticias.mx\/?p=163447"},"modified":"2024-10-28T07:59:19","modified_gmt":"2024-10-28T13:59:19","slug":"la-supremacia-constitucional","status":"publish","type":"post","link":"https:\/\/nvnoticias.mx\/index.php\/2024\/10\/28\/la-supremacia-constitucional\/","title":{"rendered":"La supremac\u00eda constitucional"},"content":{"rendered":"\n<p><\/p>\n\n\n\n<p><strong>Edgard Gonz\u00e1lez Su\u00e1rez<\/strong><\/p>\n\n\n\n<p>Finalmente, el pasado viernes 25 de octubre el senado de la rep\u00fablica aprob\u00f3 por 85 votos a favor y 41 en contra la llamada \u201csupremac\u00eda constitucional\u201d, despu\u00e9s de un intenso debate en la c\u00e1mara, en los medios de comunicaci\u00f3n, en la academia e incluso en la poblaci\u00f3n, las bancada de Morena, Verde y PT vencieron los intentos golpistas de la Suprema Corte de Justicia que pretendi\u00f3 invalidar la ya constitucional reforma al poder judicial que se\u00f1ala de manera expresa que los ministros, magistrados y jueces deber\u00e1n ser votados para poder ingresar y ser parte del poder judicial de la federaci\u00f3n.<\/p>\n\n\n\n<p>La pol\u00e9mica arreci\u00f3 -desde hace dos semanas- a partir de que una juez de distrito pretendi\u00f3 invalidar la reforma obsequiando v\u00eda un amparo la suspensi\u00f3n definitiva de los actos involucrados con dicha reforma y conminaba a la presidenta de la Rep\u00fablica a que nulificar\u00e1 dicha ley bajando de la red la publicaci\u00f3n del Diario Oficial de la Federaci\u00f3n y adem\u00e1s amenazaba a la presidenta para que, en caso de no hacerlo, se podr\u00edan tomar acciones penales que llevar\u00edan a su destituci\u00f3n.<\/p>\n\n\n\n<p>La oposici\u00f3n seguramente, financiando a esa Juez, logr\u00f3 abrir, que digo abrir, logr\u00f3 ensanchar las diferencias pol\u00edticas y jur\u00eddicas entre la oposici\u00f3n y morena, y creyendo haber acorralado al gobierno, festejaba y hasta se burlaba del arrinconamiento pol\u00edtico al que habr\u00eda llevado a Claudia Sheinbaum en sus primeros d\u00edas de gobierno.<\/p>\n\n\n\n<p>La oposici\u00f3n echo andar su maquinaria medi\u00e1tica y posicion\u00f3 en el imaginario p\u00fablico que la reforma al poder judicial era da\u00f1ina, violaba los derechos humanos, que era el inicio del fin de la divisi\u00f3n de poderes y el inicio de la dictadura en el pa\u00eds.<\/p>\n\n\n\n<p>En su momento de mayor tensi\u00f3n y cuando la oposici\u00f3n pens\u00f3 e imagin\u00f3 que le hab\u00eda metido un golpe irreversible a la Presidencia, vino la respuesta.<\/p>\n\n\n\n<p>Ad\u00e1n Augusto L\u00f3pez Hern\u00e1ndez, coordinador de la fracci\u00f3n de senadores de Morena, present\u00f3 la iniciativa denominada de \u201csupremac\u00eda constitucional\u201d.&nbsp; A pesar de que reiteradamente la coalici\u00f3n gobernante hab\u00eda insistido en que el art\u00edculo 61 de la ley de amparo vigente no faculta a juez, grupo o sujeto alguno para ampararse sobre reformas constitucionales; adem\u00e1s se insisti\u00f3 hasta el cansancio para dejar claro, que donde no hab\u00eda facultades de la autoridad no hab\u00eda desacato; por m\u00e1s que se difundi\u00f3 la idea de que la Presidenta de la Rep\u00fablica no puede ser reconvenida, y mucho menos ser destituida por no hacer caso al amparo definitivo promovido por dicha jueza, la oposici\u00f3n decidi\u00f3 hacer el rid\u00edculo y dejar constancia de su desesperaci\u00f3n, de su frustraci\u00f3n y de su ataque permanente con falacias, mentiras y bulos en contra del r\u00e9gimen de la 4T.<\/p>\n\n\n\n<p>Cuatro componentes asociados a la disputa judicial dieron por fin la estocada final a Norma Pi\u00f1a y sus facinerosos ministros:<\/p>\n\n\n\n<ol class=\"wp-block-list\">\n<li>La entrega por parte del Consejo de la Judicatura Federal de los listados de jueces, ministros y magistrados que componen el poder judicial.<\/li>\n\n\n\n<li>La anuencia del tribunal electoral para que el INE pueda reiniciar los trabajos y preparativos para la elecci\u00f3n de jueces, ministros y magistrados.<\/li>\n\n\n\n<li>El voto favorable para incorporar a nivel constitucional la llamada ley de \u201csupremac\u00eda constitucional\u201d<\/li>\n\n\n\n<li>Y el pronunciamiento del senado reafirmando la imposibilidad jur\u00eddica y pol\u00edtica de la Presidencia para quitar publicaci\u00f3n alguna del diario oficial de la federaci\u00f3n\u00a0<\/li>\n<\/ol>\n\n\n\n<p>Todo esto llev\u00f3, por fin, a la derrota la Suprema Corte de Justicia, frente al poder legislativo, de una de las disputas judiciales m\u00e1s importantes en la historia de nuestro pa\u00eds.<\/p>\n\n\n\n<p>El d\u00eda de ayer, domingo 27, se conoci\u00f3 que la presidenta de la Suprema Justicia de la Naci\u00f3n, Norma Luc\u00eda Pi\u00f1a, indicaba a los miembros de la corte para que conformaran los comit\u00e9s de selecci\u00f3n y evaluaci\u00f3n de aspirantes a candidatos a la SCJN.<\/p>\n\n\n\n<p>Ese mismo d\u00eda, el Consejo de la Judicatura confirm\u00f3 que el paro de labores de los trabajadores del Poder judicial terminar\u00eda el lunes 28 de septiembre, y quien no regrese a laborar le ser\u00e1 suspendido su ingreso y pasara a tr\u00e1mite administrativo.<\/p>\n\n\n\n<p>La resistencia opositora, por lo menos hasta ahora, parece haber sido vencida con las artes de la pol\u00edtica.<\/p>\n","protected":false},"excerpt":{"rendered":"<p>Edgard Gonz\u00e1lez Su\u00e1rez Finalmente, el pasado viernes 25 de octubre el senado de la rep\u00fablica aprob\u00f3 por 85 votos a favor y 41 en contra la llamada \u201csupremac\u00eda constitucional\u201d, despu\u00e9s de un intenso debate en la c\u00e1mara, en los medios de comunicaci\u00f3n, en la academia e incluso en la poblaci\u00f3n, las bancada de Morena, Verde [&hellip;]<\/p>\n","protected":false},"author":26,"featured_media":147334,"comment_status":"open","ping_status":"open","sticky":false,"template":"","format":"standard","meta":{"_monsterinsights_skip_tracking":false,"_monsterinsights_sitenote_active":false,"_monsterinsights_sitenote_note":"","_monsterinsights_sitenote_category":0,"footnotes":""},"categories":[242],"tags":[702],"class_list":["post-163447","post","type-post","status-publish","format-standard","has-post-thumbnail","hentry","category-macroscopio","tag-edgard-gonzalez-suarez","wp-image-borders"],"amp_enabled":true,"_links":{"self":[{"href":"https:\/\/nvnoticias.mx\/index.php\/wp-json\/wp\/v2\/posts\/163447","targetHints":{"allow":["GET"]}}],"collection":[{"href":"https:\/\/nvnoticias.mx\/index.php\/wp-json\/wp\/v2\/posts"}],"about":[{"href":"https:\/\/nvnoticias.mx\/index.php\/wp-json\/wp\/v2\/types\/post"}],"author":[{"embeddable":true,"href":"https:\/\/nvnoticias.mx\/index.php\/wp-json\/wp\/v2\/users\/26"}],"replies":[{"embeddable":true,"href":"https:\/\/nvnoticias.mx\/index.php\/wp-json\/wp\/v2\/comments?post=163447"}],"version-history":[{"count":1,"href":"https:\/\/nvnoticias.mx\/index.php\/wp-json\/wp\/v2\/posts\/163447\/revisions"}],"predecessor-version":[{"id":163448,"href":"https:\/\/nvnoticias.mx\/index.php\/wp-json\/wp\/v2\/posts\/163447\/revisions\/163448"}],"wp:featuredmedia":[{"embeddable":true,"href":"https:\/\/nvnoticias.mx\/index.php\/wp-json\/wp\/v2\/media\/147334"}],"wp:attachment":[{"href":"https:\/\/nvnoticias.mx\/index.php\/wp-json\/wp\/v2\/media?parent=163447"}],"wp:term":[{"taxonomy":"category","embeddable":true,"href":"https:\/\/nvnoticias.mx\/index.php\/wp-json\/wp\/v2\/categories?post=163447"},{"taxonomy":"post_tag","embeddable":true,"href":"https:\/\/nvnoticias.mx\/index.php\/wp-json\/wp\/v2\/tags?post=163447"}],"curies":[{"name":"wp","href":"https:\/\/api.w.org\/{rel}","templated":true}]}}