{"id":163439,"date":"2024-10-28T07:45:44","date_gmt":"2024-10-28T13:45:44","guid":{"rendered":"https:\/\/nvnoticias.mx\/?p=163439"},"modified":"2024-10-28T07:45:45","modified_gmt":"2024-10-28T13:45:45","slug":"luisa-maria-alcalde-y-el-derecho-admision","status":"publish","type":"post","link":"https:\/\/nvnoticias.mx\/index.php\/2024\/10\/28\/luisa-maria-alcalde-y-el-derecho-admision\/","title":{"rendered":"Luisa Mar\u00eda Alcalde y el &#8220;derecho admisi\u00f3n&#8221;"},"content":{"rendered":"\n<p><\/p>\n\n\n\n<p><strong>Ricardo Chua<\/strong><\/p>\n\n\n\n<p>Despu\u00e9s de que algunos comit\u00e9s de MORENA hab\u00edan se\u00f1alado, que en sus entidades, donde arrasaron la elecci\u00f3n federal y local del pasado 2 de junio.. Que a pesar que fueron ayudados a lograr el triunfo por personajes externos a su partido.. Y ahora que algunos de ellos buscaban ser parte de la 4T en sus Estados.. Sus dirigentes locales se\u00f1alaron que en &#8220;Morena se reservaban el derecho de admisi\u00f3n&#8221;.. Tal como lo quisieron hacer en CDE de MORENA en Veracruz.. Ahora tienen que meterle reversa..<\/p>\n\n\n\n<p>Hasta Roc\u00edo Nahle, gobernadora electa de Veracruz, se pronunci\u00f3 a favor del NRDA en MORENA.. Y que no todo aquel que ayudaba a la 4T o Claudia Sheinbaum ser\u00e1 admitido en el partido pol\u00edtico.. Y que por eso, ellos se Reservaban el Derecho de Admisi\u00f3n.. Sin embargo, sin decir &#8220;agua va&#8221;.. La l\u00edder nacional, Luisa Mar\u00eda Alcalde ya les mand\u00f3 a decir a todos.. Que en MORENA aquellos que estaban en otros partidos son bienvenidos.. Que no hay derecho de admisi\u00f3n y que no tendr\u00e1n reclamos por su pasado.. PERD\u00d3N Y OLVIDO..<\/p>\n\n\n\n<p>Con este discurso dado por Alcalde Lujan en su gira por Nuevo Le\u00f3n.. Nuevos &#8220;aires&#8221; se van a respirar en MORENA y sobre todo en estados como Veracruz.. Donde no quer\u00edan dejar entrar a nadie que la clase gobernante no aprobar\u00e1 y su dirigente estatal, Esteban Ram\u00edrez Zepeta, no tendr\u00e1 de otra que aguantar y aceptarlos a todos.. Pero ya les dejaron claro que donde se manda es en Palacio Nacional y ah\u00ed est\u00e1n dando apertura a todos los que ayuden a la Presidenta y a la 4T.. Obvio que esto lleva dedicatoria para Los Yunes y &#8220;El Cisne&#8221; Silva.. AMEN<\/p>\n\n\n\n<p>LA SUCESI\u00d3N DEL 2030 EN VERACRUZ.. Mientras los dirigentes y gobernantes de MORENA en Veracruz est\u00e1n metidos en el tema del &#8220;derecho de admisi\u00f3n&#8221; de su partido por personajes de oposici\u00f3n que ayudan a la 4T o Claudia Sheinbaum desde el proceso electoral.. NO SE HAN DADO CUENTA que en Veracruz, ya empezaron algunos de sus grupos pol\u00edticos a ver el tema de la sucesi\u00f3n a gobernador en 2030.. Cuando a\u00fan Roc\u00edo Nahle no ha tomado protesta como gobernadora del periodo 2024-2030.. As\u00ed de desesperados est\u00e1n. ABROONN.<\/p>\n\n\n\n<p>Esta situaci\u00f3n sucede porque muchos de estos grupos pol\u00edticos no se ven dentro del futuro gabinete estatal de MORENA, que inicia el 1 de diciembre.. No los han llamado, no los toman en cuenta y tienen la certeza que &#8220;vivir\u00e1n fuera del presupuesto&#8221;.. Por ello buscan a los futuros personajes que podr\u00edan ser nominados por Claudia Sheinbaum, como los posibles aspirantes a suceder a Nahle en 2030.. Al menos, ya tienen detectados a dos.. Pero puede haber otro.. Esa historia, la contar\u00e1 &#8220;Garganta Profunda&#8221; en este espacio muy pronto..<\/p>\n\n\n\n<p>LOS TIBURONES ROJOS Y VERACRUZ.. &#8220;Garganta Profunda&#8221; dice que no hay que &#8220;hacerse bolas&#8221; con el tema del presunto equipo de f\u00fatbol que jugar\u00eda en la Liga de Expansi\u00f3n en Veracruz en el estadio &#8220;Luis Pirata Fuente&#8221;, que a\u00fan no termina y ni terminar\u00e1 de construir el gobernador, Cuitl\u00e1huac Garc\u00eda, all\u00e1 en el fraccionamiento Virginia en el municipio de Boca del R\u00edo.. Ya que se\u00f1al\u00f3 que tiene informes de que a\u00fan NO HAY EQUIPO y menos jugar\u00e1n con el nombre de &#8220;Tiburones Rojos&#8221;.. Esto se encuentra descartado..<\/p>\n\n\n\n<p>Seg\u00fan la informaci\u00f3n con la que cuenta &#8220;Garganta Profunda&#8221; es que NO HAY NADA DE PL\u00c1TICAS O AVANCES al respecto para traer el equipo de f\u00fatbol.. Tal como lo anunciaron en d\u00edas pasados en una rueda de prensa que era sobre el concierto del cantante, Luis Miguel en Veracruz.. El tema es que aqu\u00ed est\u00e1n ilusionando a la afici\u00f3n veracruzana.. Que ya pl\u00e1tica en caf\u00e9s o centros de reuni\u00f3n que van a tener un equipo de f\u00fatbol que ir a ver al nuevo estadio.. Cuando en realidad no hay nada en concreto.. Ni siquiera pl\u00e1ticas..<\/p>\n\n\n\n<p>De nuevo, la gobernadora electa, Roc\u00edo Nahle, tendr\u00e1 que poner atenci\u00f3n a este asunto.. Ya que el f\u00fatbol en Veracruz es algo tan sagrado como para un militante de MORENA recibir un saludo de Andr\u00e9s Manuel L\u00f3pez Obrador.. Va a tener que checar los avances del estadio y ver si los informes que le pasan las personas que est\u00e1n encargadas del caso del equipo son tal como le dicen.. No sea que le mientan y lo est\u00e1n haciendo p\u00fablico.. Si algo sale mal, le van a se\u00f1alar.. Con El Tibur\u00f3n y el f\u00fatbol no se juega.. MUCHO OJO..<\/p>\n\n\n\n<p>Por lo pronto, &#8220;Garganta Profunda&#8221; dice que uno de los empresarios, que es due\u00f1o de un equipo de la liga de Expansi\u00f3n y que ten\u00eda inter\u00e9s.. No puede entrar a Veracruz por el enfrentamiento medi\u00e1tico que tuvo con el gobierno estatal y el otro, seg\u00fan, a\u00fan no cuenta con un equipo.. Y el estadio sigue sin terminarse.. Si esto contin\u00faa as\u00ed.. Con qu\u00e9 equipo y en qu\u00e9 estadio podr\u00edan jugar.. El tema va muy lento y &#8220;Tiburones Rojos&#8221; a\u00fan no hay para Veracruz.. Estamos como en diciembre de 2019 que el equipo fue desafiliado.. Sin nada.. AMEN<\/p>\n","protected":false},"excerpt":{"rendered":"<p>Ricardo Chua Despu\u00e9s de que algunos comit\u00e9s de MORENA hab\u00edan se\u00f1alado, que en sus entidades, donde arrasaron la elecci\u00f3n federal y local del pasado 2 de junio.. Que a pesar que fueron ayudados a lograr el triunfo por personajes externos a su partido.. Y ahora que algunos de ellos buscaban ser parte de la 4T [&hellip;]<\/p>\n","protected":false},"author":29,"featured_media":163440,"comment_status":"open","ping_status":"open","sticky":false,"template":"","format":"standard","meta":{"_monsterinsights_skip_tracking":false,"_monsterinsights_sitenote_active":false,"_monsterinsights_sitenote_note":"","_monsterinsights_sitenote_category":0,"footnotes":""},"categories":[245],"tags":[327],"class_list":["post-163439","post","type-post","status-publish","format-standard","has-post-thumbnail","hentry","category-dialogos-de-poder","tag-ricardo-chua","wp-image-borders"],"amp_enabled":true,"_links":{"self":[{"href":"https:\/\/nvnoticias.mx\/index.php\/wp-json\/wp\/v2\/posts\/163439","targetHints":{"allow":["GET"]}}],"collection":[{"href":"https:\/\/nvnoticias.mx\/index.php\/wp-json\/wp\/v2\/posts"}],"about":[{"href":"https:\/\/nvnoticias.mx\/index.php\/wp-json\/wp\/v2\/types\/post"}],"author":[{"embeddable":true,"href":"https:\/\/nvnoticias.mx\/index.php\/wp-json\/wp\/v2\/users\/29"}],"replies":[{"embeddable":true,"href":"https:\/\/nvnoticias.mx\/index.php\/wp-json\/wp\/v2\/comments?post=163439"}],"version-history":[{"count":1,"href":"https:\/\/nvnoticias.mx\/index.php\/wp-json\/wp\/v2\/posts\/163439\/revisions"}],"predecessor-version":[{"id":163441,"href":"https:\/\/nvnoticias.mx\/index.php\/wp-json\/wp\/v2\/posts\/163439\/revisions\/163441"}],"wp:featuredmedia":[{"embeddable":true,"href":"https:\/\/nvnoticias.mx\/index.php\/wp-json\/wp\/v2\/media\/163440"}],"wp:attachment":[{"href":"https:\/\/nvnoticias.mx\/index.php\/wp-json\/wp\/v2\/media?parent=163439"}],"wp:term":[{"taxonomy":"category","embeddable":true,"href":"https:\/\/nvnoticias.mx\/index.php\/wp-json\/wp\/v2\/categories?post=163439"},{"taxonomy":"post_tag","embeddable":true,"href":"https:\/\/nvnoticias.mx\/index.php\/wp-json\/wp\/v2\/tags?post=163439"}],"curies":[{"name":"wp","href":"https:\/\/api.w.org\/{rel}","templated":true}]}}