{"id":16332,"date":"2021-06-16T08:56:49","date_gmt":"2021-06-16T13:56:49","guid":{"rendered":"https:\/\/nvnoticias.mx\/?p=16332"},"modified":"2021-06-16T08:56:50","modified_gmt":"2021-06-16T13:56:50","slug":"reanudan-el-tramite-para-obtener-la-credencial-para-votar","status":"publish","type":"post","link":"https:\/\/nvnoticias.mx\/index.php\/2021\/06\/16\/reanudan-el-tramite-para-obtener-la-credencial-para-votar\/","title":{"rendered":"Reanudan el tr\u00e1mite para obtener la credencial para votar"},"content":{"rendered":"\n<p><strong>Jes\u00fas Utrilla \/ NV Noticias<\/strong><\/p>\n\n\n\n<p>Veracruz. \u2013 Fue reanudado el tr\u00e1mite para obtener la credencial para votar del Instituto Nacional Electoral (INE).<\/p>\n\n\n\n<p>Nelson Asaid Hern\u00e1ndez Rojas, consejero presidente del Consejo Distrital 12 del INE, dijo que las personas ya podr\u00e1n solicitar su inscripci\u00f3n al Padr\u00f3n Electoral, correcci\u00f3n o actualizaci\u00f3n de datos y reposici\u00f3n de la mica.<\/p>\n\n\n\n<p>Pero adem\u00e1s en el distrito 12 son cerca de 300 formatos que se generaron antes de la elecci\u00f3n y que se encuentran a la espera de ser recogidos.<\/p>\n\n\n\n<blockquote class=\"wp-block-quote is-layout-flow wp-block-quote-is-layout-flow\"><p>\u201cA partir del lunes pasado abrimos nuevamente los m\u00f3dulos de atenci\u00f3n ciudadana para que a trav\u00e9s de la cita puedan acercarse a tramitar la credencial para votar. Ya los estamos atendiendo, comienza nuestra campa\u00f1a anual permanente y pueden venir a renovar su pl\u00e1stico\u201d.<\/p><\/blockquote>\n\n\n\n<p>Record\u00f3 que la credencial de elector sirve como una de las principales identificaciones para las personas mayores de edad.<\/p>\n\n\n\n<p>Tambi\u00e9n existe un n\u00famero importante de credenciales que est\u00e1n pr\u00f3ximas a vencer y la ciudadan\u00eda debe comenzar en c\u00e1mbielas.<\/p>\n\n\n\n<p>De acuerdo al consejero del INE son cerca de 3 mil movimientos de ese tipo los que deber\u00e1n efectuarse.<\/p>\n\n\n\n<blockquote class=\"wp-block-quote is-layout-flow wp-block-quote-is-layout-flow\"><p>\u201cNecesitan la cita para poder venir, pero ya reactivamos en lo cuatro m\u00f3dulos del Distrito 12 la atenci\u00f3n ciudadana\u201d.<\/p><\/blockquote>\n\n\n\n<p>La cita se debe realizar en <strong><a href=\"https:\/\/www.ine.mx\/\">www.INE.mx<\/a><\/strong> en el apartado credencial para votar.<\/p>\n","protected":false},"excerpt":{"rendered":"<p>Jes\u00fas Utrilla \/ NV Noticias Veracruz. \u2013 Fue reanudado el tr\u00e1mite para obtener la credencial para votar del Instituto Nacional Electoral (INE). Nelson Asaid Hern\u00e1ndez Rojas, consejero presidente del Consejo Distrital 12 del INE, dijo que las personas ya podr\u00e1n solicitar su inscripci\u00f3n al Padr\u00f3n Electoral, correcci\u00f3n o actualizaci\u00f3n de datos y reposici\u00f3n de la [&hellip;]<\/p>\n","protected":false},"author":6,"featured_media":16333,"comment_status":"open","ping_status":"open","sticky":false,"template":"","format":"standard","meta":{"_monsterinsights_skip_tracking":false,"_monsterinsights_sitenote_active":false,"_monsterinsights_sitenote_note":"","_monsterinsights_sitenote_category":0,"footnotes":""},"categories":[154],"tags":[1178,443,162,4458],"class_list":["post-16332","post","type-post","status-publish","format-standard","has-post-thumbnail","hentry","category-veracruz","tag-credencial-de-elector","tag-ine","tag-portada","tag-tramite","wp-image-borders"],"amp_enabled":true,"_links":{"self":[{"href":"https:\/\/nvnoticias.mx\/index.php\/wp-json\/wp\/v2\/posts\/16332","targetHints":{"allow":["GET"]}}],"collection":[{"href":"https:\/\/nvnoticias.mx\/index.php\/wp-json\/wp\/v2\/posts"}],"about":[{"href":"https:\/\/nvnoticias.mx\/index.php\/wp-json\/wp\/v2\/types\/post"}],"author":[{"embeddable":true,"href":"https:\/\/nvnoticias.mx\/index.php\/wp-json\/wp\/v2\/users\/6"}],"replies":[{"embeddable":true,"href":"https:\/\/nvnoticias.mx\/index.php\/wp-json\/wp\/v2\/comments?post=16332"}],"version-history":[{"count":1,"href":"https:\/\/nvnoticias.mx\/index.php\/wp-json\/wp\/v2\/posts\/16332\/revisions"}],"predecessor-version":[{"id":16334,"href":"https:\/\/nvnoticias.mx\/index.php\/wp-json\/wp\/v2\/posts\/16332\/revisions\/16334"}],"wp:featuredmedia":[{"embeddable":true,"href":"https:\/\/nvnoticias.mx\/index.php\/wp-json\/wp\/v2\/media\/16333"}],"wp:attachment":[{"href":"https:\/\/nvnoticias.mx\/index.php\/wp-json\/wp\/v2\/media?parent=16332"}],"wp:term":[{"taxonomy":"category","embeddable":true,"href":"https:\/\/nvnoticias.mx\/index.php\/wp-json\/wp\/v2\/categories?post=16332"},{"taxonomy":"post_tag","embeddable":true,"href":"https:\/\/nvnoticias.mx\/index.php\/wp-json\/wp\/v2\/tags?post=16332"}],"curies":[{"name":"wp","href":"https:\/\/api.w.org\/{rel}","templated":true}]}}