{"id":163297,"date":"2024-10-25T14:32:43","date_gmt":"2024-10-25T20:32:43","guid":{"rendered":"https:\/\/nvnoticias.mx\/?p=163297"},"modified":"2024-10-25T14:32:45","modified_gmt":"2024-10-25T20:32:45","slug":"ricardo-anaya-explota-contra-supremacia-constitucional","status":"publish","type":"post","link":"https:\/\/nvnoticias.mx\/index.php\/2024\/10\/25\/ricardo-anaya-explota-contra-supremacia-constitucional\/","title":{"rendered":"Ricardo Anaya explota contra \u2018supremac\u00eda constitucional\u2019"},"content":{"rendered":"\n<p><strong>Ricardo Anaya\u00a0<\/strong>Cort\u00e9s, senador del Partido Acci\u00f3n Nacional (PAN), se lanz\u00f3 contra la llamada reforma de<strong>\u00a0\u2018supremac\u00eda constitucional\u2019<\/strong>; misma que fue aprobada en el Senado de la Rep\u00fablica con 85 votos de Morena y sus aliados durante la madrugada de este 25 de octubre.<\/p>\n\n\n\n<p>A trav\u00e9s de X, antes Twitter, el excandidato presidencial del PAN en 2018 se\u00f1al\u00f3 que esta iniciativa busca que el Poder Judicial no pueda revisar las decisiones que el partido oficialista impulse desde el Legislativo.<\/p>\n\n\n\n<p>\u201cMe quisieron callar, pero alguien tiene que decirlo: el plan es claro, quieren evitar que la Corte revise sus decisiones. No podemos permitir que destruyan nuestra justicia.<strong>&nbsp;Quieren poder sin l\u00edmites<\/strong>\u201d, escribi\u00f3.<\/p>\n\n\n\n<p>Su pronunciamiento fue similar durante la discusi\u00f3n de la reforma, realizada en la C\u00e1mara Alta la tarde del jueves.<\/p>\n","protected":false},"excerpt":{"rendered":"<p>Ricardo Anaya\u00a0Cort\u00e9s, senador del Partido Acci\u00f3n Nacional (PAN), se lanz\u00f3 contra la llamada reforma de\u00a0\u2018supremac\u00eda constitucional\u2019; misma que fue aprobada en el Senado de la Rep\u00fablica con 85 votos de Morena y sus aliados durante la madrugada de este 25 de octubre. A trav\u00e9s de X, antes Twitter, el excandidato presidencial del PAN en 2018 [&hellip;]<\/p>\n","protected":false},"author":35,"featured_media":27941,"comment_status":"open","ping_status":"open","sticky":false,"template":"","format":"standard","meta":{"_monsterinsights_skip_tracking":false,"_monsterinsights_sitenote_active":false,"_monsterinsights_sitenote_note":"","_monsterinsights_sitenote_category":0,"footnotes":""},"categories":[158],"tags":[162,509],"class_list":["post-163297","post","type-post","status-publish","format-standard","has-post-thumbnail","hentry","category-politica","tag-portada","tag-ricardo-anaya","wp-image-borders"],"amp_enabled":true,"_links":{"self":[{"href":"https:\/\/nvnoticias.mx\/index.php\/wp-json\/wp\/v2\/posts\/163297","targetHints":{"allow":["GET"]}}],"collection":[{"href":"https:\/\/nvnoticias.mx\/index.php\/wp-json\/wp\/v2\/posts"}],"about":[{"href":"https:\/\/nvnoticias.mx\/index.php\/wp-json\/wp\/v2\/types\/post"}],"author":[{"embeddable":true,"href":"https:\/\/nvnoticias.mx\/index.php\/wp-json\/wp\/v2\/users\/35"}],"replies":[{"embeddable":true,"href":"https:\/\/nvnoticias.mx\/index.php\/wp-json\/wp\/v2\/comments?post=163297"}],"version-history":[{"count":4,"href":"https:\/\/nvnoticias.mx\/index.php\/wp-json\/wp\/v2\/posts\/163297\/revisions"}],"predecessor-version":[{"id":163301,"href":"https:\/\/nvnoticias.mx\/index.php\/wp-json\/wp\/v2\/posts\/163297\/revisions\/163301"}],"wp:featuredmedia":[{"embeddable":true,"href":"https:\/\/nvnoticias.mx\/index.php\/wp-json\/wp\/v2\/media\/27941"}],"wp:attachment":[{"href":"https:\/\/nvnoticias.mx\/index.php\/wp-json\/wp\/v2\/media?parent=163297"}],"wp:term":[{"taxonomy":"category","embeddable":true,"href":"https:\/\/nvnoticias.mx\/index.php\/wp-json\/wp\/v2\/categories?post=163297"},{"taxonomy":"post_tag","embeddable":true,"href":"https:\/\/nvnoticias.mx\/index.php\/wp-json\/wp\/v2\/tags?post=163297"}],"curies":[{"name":"wp","href":"https:\/\/api.w.org\/{rel}","templated":true}]}}