{"id":163165,"date":"2024-10-24T07:44:17","date_gmt":"2024-10-24T13:44:17","guid":{"rendered":"https:\/\/nvnoticias.mx\/?p=163165"},"modified":"2024-10-24T07:44:19","modified_gmt":"2024-10-24T13:44:19","slug":"el-olvido-de-cuitlahuac","status":"publish","type":"post","link":"https:\/\/nvnoticias.mx\/index.php\/2024\/10\/24\/el-olvido-de-cuitlahuac\/","title":{"rendered":"El olvido de Cuitl\u00e1huac"},"content":{"rendered":"\n<p><\/p>\n\n\n\n<p><strong>Ricardo Chua<\/strong><\/p>\n\n\n\n<p>En este espacio mencionamos la falta de sensibilidad pol\u00edtica y de visi\u00f3n de estadista como gobernante de Cuitl\u00e1huac Garc\u00eda Jim\u00e9nez.. Tan s\u00f3lo por &#8220;brillar&#8221; por su ausencia con la poblaci\u00f3n afectada por las intensas lluvias que se han sentido en Veracruz en estos d\u00edas.. Ya que no acudi\u00f3 a los sitios donde se presentaron problemas de inundaciones, no fue ni siquiera para ofrecer su &#8220;apoyo moral&#8221;.. Pero &#8220;Garganta Profunda&#8221; dice que esto se debe a un s\u00f3lo motivo: Que Cuitl\u00e1huac no aprendi\u00f3 a ser &#8220;gobernador&#8221;..<\/p>\n\n\n\n<p>Tambi\u00e9n en este espacio, lo hemos mencionado de manera constante en los \u00faltimos tres a\u00f1os.. Sobre todo despu\u00e9s del 2021.. De la falta de visi\u00f3n como administrador p\u00fablico de Cuitl\u00e1huac.. Sin embargo, &#8220;Garganta Profunda&#8221; aduce que pese a todo el apoy\u00f3 que recibi\u00f3 desde que tom\u00f3 el poder en 2018 por parte del gobierno federal, Cuitl\u00e1huac Garc\u00eda no ten\u00eda idea de c\u00f3mo ser servidor p\u00fablico.. Y eso le cost\u00f3 mucho a Veracruz y a su ciudadan\u00eda.. Que al final es quien termina &#8220;pagando los platos rotos&#8221;.. No hay m\u00e1s..<\/p>\n\n\n\n<p>Adem\u00e1s de que durante todo el sexenio presidencial pasado.. Cada vez que hab\u00eda un problema en Veracruz con el gobierno de Cuitl\u00e1huac Garc\u00eda.. Sal\u00eda el propio Ex Presidente, Andr\u00e9s Manuel L\u00f3pez Obrador para cuidarlo de manera p\u00fablica y pol\u00edtica.. Pero ahora que AMLO ya no est\u00e1.. El problema para el a\u00fan gobernador veracruzano, es que ya no sabe qu\u00e9 hacer, simplemente se le hace m\u00e1s f\u00e1cil que dejar que la nueva administraci\u00f3n sea quien reciba y arregle.. Es decir, todo el problema se lo deja a Roc\u00edo Nahle..<\/p>\n\n\n\n<p>No obstante, se insiste que el propio gobernador &#8220;jarocho&#8221; no ha tomado en cuenta.. Es que por las circunstancias que est\u00e1 viviendo la 4T, de lo atribulado y violento que ha empezado el gobierno de Claudia Sheinbaum y de la &#8220;herencia&#8221; que le deja a Roc\u00edo Nahle en la administraci\u00f3n.. Se tendr\u00e1 que &#8220;pegar al golpe en la mesa&#8221; y alguien tambi\u00e9n tendr\u00e1 que &#8220;pagar los platos rotos&#8221; y en pol\u00edtica, por lo general, ese &#8220;costo&#8221; siempre lo viene pagando la persona que se va o que ya no est\u00e1 en la funci\u00f3n p\u00fablica o el \u00e1nimo del gobernante en turno..<\/p>\n\n\n\n<p>Por ello, &#8220;Garganta Profunda&#8221; indica que puede estar en el destino pr\u00f3ximo de Cuitl\u00e1huac Garc\u00eda, el que NO se le cumpla el anhelo de ser nombrado Embajador de M\u00e9xico en Cuba o m\u00ednimo de darle un buen Consulado, de alguna ciudad importante en Europa o Sudam\u00e9rica.. Eso ser\u00eda un duro &#8220;golpe&#8221; y dif\u00edcil de asimilar para el xalape\u00f1o.. Qui\u00e9n ten\u00eda las esperanzas puestas en que su &#8220;amiga&#8221;, la Presidenta, Claudia Sheinbaum, le iba a cumplir con sus &#8220;peticiones&#8221;.. Ya que \u00e9l siempre se la &#8220;jug\u00f3&#8221; con ella.. Pero en pol\u00edtica, nada es lo que parece..<\/p>\n\n\n\n<p>Ya que en ese sentido, Cuitl\u00e1huac Garc\u00eda s\u00f3lo tiene que &#8220;levantar&#8221; la vista hac\u00eda Palacio Nacional en CDMX.. Para darse cuenta que ya hasta otros &#8220;Gobers&#8221; salientes de la 4T, han logrado &#8220;amarrar&#8221; buenos acuerdos con la propia Sheinbaum.. Hasta ella misma los ha nombrado y lo ha hecho p\u00fablico.. Pero con el veracruzano no se ve nada en concreto.. Pareciera como si lo tuvieran pol\u00edticamente como un &#8220;cero a la izquierda&#8221;.. Y eso se siente hasta en el ambiente al interior de MORENA en Veracruz..<\/p>\n\n\n\n<p>Pero &#8220;Garganta Profunda&#8221; aduce que un nombramiento del gobierno federal hac\u00eda su persona.. Deber\u00eda ser el menor problema por el cual deber\u00eda estar preocupado Cuitl\u00e1huac Garc\u00eda.. Ya que \u00e9l a\u00fan no sabe como va a entrar Roc\u00edo Nahle a gobernar.. Qu\u00e9 cuentas le pedir\u00e1 y sobre qu\u00e9 rubros le dir\u00e1 que le responda.. Ya que una cosa es un gobernador electo y otra es un gobernador en funciones.. Y el que deja el poder siempre tiene que &#8220;sacrificar&#8221; algo.. Ya sea en &#8220;V\u00f3mito Negro&#8221; o &#8220;entregando&#8221; a alguien de su equipo. EL HORNO NO EST\u00c1 PA&#8217; BOLLOS<\/p>\n\n\n\n<p>REFLEXI\u00d3N.. A menos de 40 d\u00edas de entregarle el poder a Roc\u00edo Nahle.. Cuitl\u00e1huac Garc\u00eda se debe preguntar: \u00bfSi el pueblo de Veracruz lo va a recordar y c\u00f3mo?.. Si \u00e9l como mandatario pasar\u00e1 a la historia, como el &#8220;gobernador c\u00f3modo&#8221; que no hizo un gran proyecto de gobierno o de plano no hizo nada.. Puede que hasta le suceda que la sociedad, le haga saber ahora que deje Palacio de Gobierno.. De que Javier Duarte tenga m\u00e1s reconocimiento que \u00e9l, pese a todo lo que se diga.. Y eso debe de preocuparle..<\/p>\n\n\n\n<p>La suerte de Cuitl\u00e1huac est\u00e1 echada y m\u00e1s a\u00fan si Claudia Sheinbaum no lo rescata al t\u00e9rmino de su administraci\u00f3n.. Y se llegue el &#8220;D\u00eda de la Candelaria&#8221; del 2025 y Garc\u00eda Jim\u00e9nez a\u00fan siga deambulando por Xalapa y no est\u00e9 trabajando en CDMX.. Con la tranquilidad de que sus aliados: Ailet Garc\u00eda Cayetano sea magistrada por voto.. Dorheny Garc\u00eda Cayetano contin\u00fae siendo fiel.. Que el Primo Eleazar lo siga cuidando y Zenyazen lo siga procurando.. Para que no termine s\u00f3lo en casa y dando clases, sin que nadie lo voltee a ver.. AMEN..<\/p>\n","protected":false},"excerpt":{"rendered":"<p>Ricardo Chua En este espacio mencionamos la falta de sensibilidad pol\u00edtica y de visi\u00f3n de estadista como gobernante de Cuitl\u00e1huac Garc\u00eda Jim\u00e9nez.. Tan s\u00f3lo por &#8220;brillar&#8221; por su ausencia con la poblaci\u00f3n afectada por las intensas lluvias que se han sentido en Veracruz en estos d\u00edas.. Ya que no acudi\u00f3 a los sitios donde se [&hellip;]<\/p>\n","protected":false},"author":29,"featured_media":163166,"comment_status":"open","ping_status":"open","sticky":false,"template":"","format":"standard","meta":{"_monsterinsights_skip_tracking":false,"_monsterinsights_sitenote_active":false,"_monsterinsights_sitenote_note":"","_monsterinsights_sitenote_category":0,"footnotes":""},"categories":[245],"tags":[327],"class_list":["post-163165","post","type-post","status-publish","format-standard","has-post-thumbnail","hentry","category-dialogos-de-poder","tag-ricardo-chua","wp-image-borders"],"amp_enabled":true,"_links":{"self":[{"href":"https:\/\/nvnoticias.mx\/index.php\/wp-json\/wp\/v2\/posts\/163165","targetHints":{"allow":["GET"]}}],"collection":[{"href":"https:\/\/nvnoticias.mx\/index.php\/wp-json\/wp\/v2\/posts"}],"about":[{"href":"https:\/\/nvnoticias.mx\/index.php\/wp-json\/wp\/v2\/types\/post"}],"author":[{"embeddable":true,"href":"https:\/\/nvnoticias.mx\/index.php\/wp-json\/wp\/v2\/users\/29"}],"replies":[{"embeddable":true,"href":"https:\/\/nvnoticias.mx\/index.php\/wp-json\/wp\/v2\/comments?post=163165"}],"version-history":[{"count":1,"href":"https:\/\/nvnoticias.mx\/index.php\/wp-json\/wp\/v2\/posts\/163165\/revisions"}],"predecessor-version":[{"id":163167,"href":"https:\/\/nvnoticias.mx\/index.php\/wp-json\/wp\/v2\/posts\/163165\/revisions\/163167"}],"wp:featuredmedia":[{"embeddable":true,"href":"https:\/\/nvnoticias.mx\/index.php\/wp-json\/wp\/v2\/media\/163166"}],"wp:attachment":[{"href":"https:\/\/nvnoticias.mx\/index.php\/wp-json\/wp\/v2\/media?parent=163165"}],"wp:term":[{"taxonomy":"category","embeddable":true,"href":"https:\/\/nvnoticias.mx\/index.php\/wp-json\/wp\/v2\/categories?post=163165"},{"taxonomy":"post_tag","embeddable":true,"href":"https:\/\/nvnoticias.mx\/index.php\/wp-json\/wp\/v2\/tags?post=163165"}],"curies":[{"name":"wp","href":"https:\/\/api.w.org\/{rel}","templated":true}]}}