{"id":163151,"date":"2024-10-23T14:18:16","date_gmt":"2024-10-23T20:18:16","guid":{"rendered":"https:\/\/nvnoticias.mx\/?p=163151"},"modified":"2024-10-23T14:18:17","modified_gmt":"2024-10-23T20:18:17","slug":"sheinbaum-revela-que-platico-con-carlos-slim","status":"publish","type":"post","link":"https:\/\/nvnoticias.mx\/index.php\/2024\/10\/23\/sheinbaum-revela-que-platico-con-carlos-slim\/","title":{"rendered":"Sheinbaum revela qu\u00e9 platic\u00f3 con Carlos Slim"},"content":{"rendered":"\n<p>La presidenta Sheinbaum cont\u00f3 c\u00f3mo le fue en su\u00a0reuni\u00f3n con el empresario mexicano Carlos Slim\u00a0y la calific\u00f3 como una \u201cmuy buena pl\u00e1tica\u201d.<\/p>\n\n\n\n<p>Sheinbaum asegur\u00f3 que hablaron en general sobre\u00a0<strong>c\u00f3mo ve al pa\u00eds, la inversi\u00f3n privada<\/strong>\u00a0y asegur\u00f3 que \u00e9l se interes\u00f3 en el proyecto de geolocalizaci\u00f3n.<\/p>\n\n\n\n<p>\u201cSiempre es un hombre culto con quien vale la pena hablar, tambi\u00e9n para que nos ayude a vincular la inversi\u00f3n privada con la p\u00fablica y nos ayude al desarrollo del pa\u00eds\u201d, apunt\u00f3 la presidenta Sheinbaum.<\/p>\n\n\n\n<p>Las\u00a0<strong>declaraciones de la mandataria<\/strong>\u00a0coinciden con lo que dijo\u00a0Slim\u00a0al salir del encuentro. Asegur\u00f3 que \u201cvienen muchos a\u00f1os buenos para M\u00e9xico\u201d.<\/p>\n","protected":false},"excerpt":{"rendered":"<p>La presidenta Sheinbaum cont\u00f3 c\u00f3mo le fue en su\u00a0reuni\u00f3n con el empresario mexicano Carlos Slim\u00a0y la calific\u00f3 como una \u201cmuy buena pl\u00e1tica\u201d. Sheinbaum asegur\u00f3 que hablaron en general sobre\u00a0c\u00f3mo ve al pa\u00eds, la inversi\u00f3n privada\u00a0y asegur\u00f3 que \u00e9l se interes\u00f3 en el proyecto de geolocalizaci\u00f3n. \u201cSiempre es un hombre culto con quien vale la pena [&hellip;]<\/p>\n","protected":false},"author":35,"featured_media":2428,"comment_status":"open","ping_status":"open","sticky":false,"template":"","format":"standard","meta":{"_monsterinsights_skip_tracking":false,"_monsterinsights_sitenote_active":false,"_monsterinsights_sitenote_note":"","_monsterinsights_sitenote_category":0,"footnotes":""},"categories":[157],"tags":[2832,2801,162],"class_list":["post-163151","post","type-post","status-publish","format-standard","has-post-thumbnail","hentry","category-nacional","tag-carlos-slim","tag-claudia-sheinbaum","tag-portada","wp-image-borders"],"amp_enabled":true,"_links":{"self":[{"href":"https:\/\/nvnoticias.mx\/index.php\/wp-json\/wp\/v2\/posts\/163151","targetHints":{"allow":["GET"]}}],"collection":[{"href":"https:\/\/nvnoticias.mx\/index.php\/wp-json\/wp\/v2\/posts"}],"about":[{"href":"https:\/\/nvnoticias.mx\/index.php\/wp-json\/wp\/v2\/types\/post"}],"author":[{"embeddable":true,"href":"https:\/\/nvnoticias.mx\/index.php\/wp-json\/wp\/v2\/users\/35"}],"replies":[{"embeddable":true,"href":"https:\/\/nvnoticias.mx\/index.php\/wp-json\/wp\/v2\/comments?post=163151"}],"version-history":[{"count":4,"href":"https:\/\/nvnoticias.mx\/index.php\/wp-json\/wp\/v2\/posts\/163151\/revisions"}],"predecessor-version":[{"id":163155,"href":"https:\/\/nvnoticias.mx\/index.php\/wp-json\/wp\/v2\/posts\/163151\/revisions\/163155"}],"wp:featuredmedia":[{"embeddable":true,"href":"https:\/\/nvnoticias.mx\/index.php\/wp-json\/wp\/v2\/media\/2428"}],"wp:attachment":[{"href":"https:\/\/nvnoticias.mx\/index.php\/wp-json\/wp\/v2\/media?parent=163151"}],"wp:term":[{"taxonomy":"category","embeddable":true,"href":"https:\/\/nvnoticias.mx\/index.php\/wp-json\/wp\/v2\/categories?post=163151"},{"taxonomy":"post_tag","embeddable":true,"href":"https:\/\/nvnoticias.mx\/index.php\/wp-json\/wp\/v2\/tags?post=163151"}],"curies":[{"name":"wp","href":"https:\/\/api.w.org\/{rel}","templated":true}]}}