{"id":163130,"date":"2024-10-23T11:38:13","date_gmt":"2024-10-23T17:38:13","guid":{"rendered":"https:\/\/nvnoticias.mx\/?p=163130"},"modified":"2024-10-23T11:38:15","modified_gmt":"2024-10-23T17:38:15","slug":"adan-augusto-lopez-anuncia-cambios-a-iniciativa-de-supremacia-constitucional","status":"publish","type":"post","link":"https:\/\/nvnoticias.mx\/index.php\/2024\/10\/23\/adan-augusto-lopez-anuncia-cambios-a-iniciativa-de-supremacia-constitucional\/","title":{"rendered":"Ad\u00e1n Augusto L\u00f3pez anuncia cambios a iniciativa de \u201csupremac\u00eda constitucional\u201d"},"content":{"rendered":"\n<p>El coordinador de los senadores de Morena,&nbsp;<strong>Ad\u00e1n Augusto L\u00f3pez Hern\u00e1ndez,<\/strong>&nbsp;asegur\u00f3 que retirar\u00e1 su propuesta de reformar el art\u00edculo primero de la Constituci\u00f3n, que<strong>eliminaba el \u201ccontrol de convencionalidad\u201d de la Carta Magna.<\/strong><\/p>\n\n\n\n<p>En una entrevista con&nbsp;<em>Radio F\u00f3rmula<\/em>, el legislador morenista se\u00f1al\u00f3 que la reforma solo<strong>&nbsp;se limitar\u00e1 a los art\u00edculos 103, 105 y el 107 constitucionales.<\/strong><\/p>\n\n\n\n<p>\u201cHemos estado r<strong>evisando en las \u00faltimas horas el texto que presentamos de la iniciativa\u201d,<\/strong>&nbsp;dijo el senador, quien adelant\u00f3 que se eliminar\u00eda esa parte de la reforma.<\/p>\n\n\n\n<p>\u201cSopesamos si pol\u00edticamente, por ejemplo, era conveniente entrar en el debate [\u2026] Anoche revisamos, estuvimos estudiando&nbsp;<strong>si jur\u00eddica y pol\u00edticamente era conveniente entrar en&nbsp; estos momentos en un debate<\/strong>relativo a lo que hab\u00edamos propuesto en el art\u00edculo primero de la Constituci\u00f3n\u201d, dijo.<\/p>\n\n\n\n<p>\u201cUna de las reservas que vamos a a proponer, y&nbsp;<strong>seguramente retiraremos<\/strong>, es la propuesta en cuanto a la modificaci\u00f3n del art\u00edculo primero de la Constituci\u00f3n espec\u00edficamente, sobre la convencionalidad de las leyes\u201d, apunt\u00f3.<\/p>\n","protected":false},"excerpt":{"rendered":"<p>El coordinador de los senadores de Morena,&nbsp;Ad\u00e1n Augusto L\u00f3pez Hern\u00e1ndez,&nbsp;asegur\u00f3 que retirar\u00e1 su propuesta de reformar el art\u00edculo primero de la Constituci\u00f3n, queeliminaba el \u201ccontrol de convencionalidad\u201d de la Carta Magna. En una entrevista con&nbsp;Radio F\u00f3rmula, el legislador morenista se\u00f1al\u00f3 que la reforma solo&nbsp;se limitar\u00e1 a los art\u00edculos 103, 105 y el 107 constitucionales. \u201cHemos [&hellip;]<\/p>\n","protected":false},"author":35,"featured_media":91526,"comment_status":"open","ping_status":"open","sticky":false,"template":"","format":"standard","meta":{"_monsterinsights_skip_tracking":false,"_monsterinsights_sitenote_active":false,"_monsterinsights_sitenote_note":"","_monsterinsights_sitenote_category":0,"footnotes":""},"categories":[158],"tags":[16465],"class_list":["post-163130","post","type-post","status-publish","format-standard","has-post-thumbnail","hentry","category-politica","tag-adan-augusto-lopez","wp-image-borders"],"amp_enabled":true,"_links":{"self":[{"href":"https:\/\/nvnoticias.mx\/index.php\/wp-json\/wp\/v2\/posts\/163130","targetHints":{"allow":["GET"]}}],"collection":[{"href":"https:\/\/nvnoticias.mx\/index.php\/wp-json\/wp\/v2\/posts"}],"about":[{"href":"https:\/\/nvnoticias.mx\/index.php\/wp-json\/wp\/v2\/types\/post"}],"author":[{"embeddable":true,"href":"https:\/\/nvnoticias.mx\/index.php\/wp-json\/wp\/v2\/users\/35"}],"replies":[{"embeddable":true,"href":"https:\/\/nvnoticias.mx\/index.php\/wp-json\/wp\/v2\/comments?post=163130"}],"version-history":[{"count":2,"href":"https:\/\/nvnoticias.mx\/index.php\/wp-json\/wp\/v2\/posts\/163130\/revisions"}],"predecessor-version":[{"id":163132,"href":"https:\/\/nvnoticias.mx\/index.php\/wp-json\/wp\/v2\/posts\/163130\/revisions\/163132"}],"wp:featuredmedia":[{"embeddable":true,"href":"https:\/\/nvnoticias.mx\/index.php\/wp-json\/wp\/v2\/media\/91526"}],"wp:attachment":[{"href":"https:\/\/nvnoticias.mx\/index.php\/wp-json\/wp\/v2\/media?parent=163130"}],"wp:term":[{"taxonomy":"category","embeddable":true,"href":"https:\/\/nvnoticias.mx\/index.php\/wp-json\/wp\/v2\/categories?post=163130"},{"taxonomy":"post_tag","embeddable":true,"href":"https:\/\/nvnoticias.mx\/index.php\/wp-json\/wp\/v2\/tags?post=163130"}],"curies":[{"name":"wp","href":"https:\/\/api.w.org\/{rel}","templated":true}]}}