{"id":162930,"date":"2024-10-21T14:24:36","date_gmt":"2024-10-21T20:24:36","guid":{"rendered":"https:\/\/nvnoticias.mx\/?p=162930"},"modified":"2024-10-21T14:24:38","modified_gmt":"2024-10-21T20:24:38","slug":"gobernador-respalda-a-sheinbaum-ante-controversia-por-reforma-al-poder-judicial","status":"publish","type":"post","link":"https:\/\/nvnoticias.mx\/index.php\/2024\/10\/21\/gobernador-respalda-a-sheinbaum-ante-controversia-por-reforma-al-poder-judicial\/","title":{"rendered":"Gobernador respalda a Sheinbaum ante controversia por reforma al Poder Judicial"},"content":{"rendered":"\n<p><\/p>\n\n\n\n<p><strong>Sam Ojeda \/ NV Noticias<\/strong><\/p>\n\n\n\n<p>Xalapa.- El gobernador Cuitl\u00e1huac Garcia Jim\u00e9nez mostr\u00f3 su apoyo a la presidenta Claudia Sheinbaum Pardo y afirm\u00f3 junto con 26 mandatarios en el pa\u00eds que los jueces se extralimitan al conceder una suspensi\u00f3n para la eliminaci\u00f3n de la publicaci\u00f3n de la reforma al Poder Judicial en el Diario Oficial de la Federaci\u00f3n (DOF).<\/p>\n\n\n\n<p> Alert\u00f3 sobre la gravedad que significa que jueces y magistrados quieran sustituir al poder con el \u00e1nimo de detener reformas constitucionales, consumadas y apegadas a derecho en todas sus etapas.<\/p>\n\n\n\n<p>Al leer un documento firmado por mandatarios en funciones y electos, indic\u00f3 que hay una  \u201creiterada intenci\u00f3n de conceder amparos ilegales e improcedentes de jueces del Poder Judicial Federal\u201d.<\/p>\n\n\n\n<p>De esta forma se refiri\u00f3 a la orden de la jueza del Juzgado D\u00e9cimo Noveno de Distrito de Veracruz, Nancy Ju\u00e1rez Salas, que orden\u00f3 a la Presidenta la eliminaci\u00f3n de la reforma que fue publicada en el Diario Oficial de la Federaci\u00f3n.<\/p>\n\n\n\n<p>Esto pues coment\u00f3 que el art\u00edculo 61 de la Ley de Amparo claramente establece los casos de improcedencia y entre ellos est\u00e1 las adiciones o reformas a la Constituci\u00f3n Pol\u00edtica de los Estados Unidos Mexicano.<\/p>\n\n\n\n<p>\u201cLos juzgadores se extralimitan al omitir que no se puede otorgar una suspensi\u00f3n definitiva en contra de la publicaci\u00f3n de la reforma al Poder Judicial en el Diario Oficial de la Federaci\u00f3n\u201d.<\/p>\n\n\n\n<p>La carta est\u00e1 firmada por 27 gobernadores en el pa\u00eds, entre ellos el actual veracruzano y la gobernadora electa Roc\u00edo Nahle Garc\u00eda. <\/p>\n\n\n\n<p><\/p>\n","protected":false},"excerpt":{"rendered":"<p>Sam Ojeda \/ NV Noticias Xalapa.- El gobernador Cuitl\u00e1huac Garcia Jim\u00e9nez mostr\u00f3 su apoyo a la presidenta Claudia Sheinbaum Pardo y afirm\u00f3 junto con 26 mandatarios en el pa\u00eds que los jueces se extralimitan al conceder una suspensi\u00f3n para la eliminaci\u00f3n de la publicaci\u00f3n de la reforma al Poder Judicial en el Diario Oficial de [&hellip;]<\/p>\n","protected":false},"author":8,"featured_media":128952,"comment_status":"open","ping_status":"open","sticky":false,"template":"","format":"standard","meta":{"_monsterinsights_skip_tracking":false,"_monsterinsights_sitenote_active":false,"_monsterinsights_sitenote_note":"","_monsterinsights_sitenote_category":0,"footnotes":""},"categories":[156],"tags":[2801,289,30393],"class_list":["post-162930","post","type-post","status-publish","format-standard","has-post-thumbnail","hentry","category-estado","tag-claudia-sheinbaum","tag-cuitlahuac-garcia","tag-reforma-poder-judicial","wp-image-borders"],"amp_enabled":true,"_links":{"self":[{"href":"https:\/\/nvnoticias.mx\/index.php\/wp-json\/wp\/v2\/posts\/162930","targetHints":{"allow":["GET"]}}],"collection":[{"href":"https:\/\/nvnoticias.mx\/index.php\/wp-json\/wp\/v2\/posts"}],"about":[{"href":"https:\/\/nvnoticias.mx\/index.php\/wp-json\/wp\/v2\/types\/post"}],"author":[{"embeddable":true,"href":"https:\/\/nvnoticias.mx\/index.php\/wp-json\/wp\/v2\/users\/8"}],"replies":[{"embeddable":true,"href":"https:\/\/nvnoticias.mx\/index.php\/wp-json\/wp\/v2\/comments?post=162930"}],"version-history":[{"count":1,"href":"https:\/\/nvnoticias.mx\/index.php\/wp-json\/wp\/v2\/posts\/162930\/revisions"}],"predecessor-version":[{"id":162931,"href":"https:\/\/nvnoticias.mx\/index.php\/wp-json\/wp\/v2\/posts\/162930\/revisions\/162931"}],"wp:featuredmedia":[{"embeddable":true,"href":"https:\/\/nvnoticias.mx\/index.php\/wp-json\/wp\/v2\/media\/128952"}],"wp:attachment":[{"href":"https:\/\/nvnoticias.mx\/index.php\/wp-json\/wp\/v2\/media?parent=162930"}],"wp:term":[{"taxonomy":"category","embeddable":true,"href":"https:\/\/nvnoticias.mx\/index.php\/wp-json\/wp\/v2\/categories?post=162930"},{"taxonomy":"post_tag","embeddable":true,"href":"https:\/\/nvnoticias.mx\/index.php\/wp-json\/wp\/v2\/tags?post=162930"}],"curies":[{"name":"wp","href":"https:\/\/api.w.org\/{rel}","templated":true}]}}