{"id":162897,"date":"2024-10-21T10:22:38","date_gmt":"2024-10-21T16:22:38","guid":{"rendered":"https:\/\/nvnoticias.mx\/?p=162897"},"modified":"2024-10-21T10:22:40","modified_gmt":"2024-10-21T16:22:40","slug":"el-voto-femenino-mexicano","status":"publish","type":"post","link":"https:\/\/nvnoticias.mx\/index.php\/2024\/10\/21\/el-voto-femenino-mexicano\/","title":{"rendered":"El voto femenino mexicano"},"content":{"rendered":"\n<p><\/p>\n\n\n\n<p><strong>Gladys P\u00e9rez Maldonado<\/strong><\/p>\n\n\n\n<p>En diciembre de 1952, el presidente Adolfo Ruiz Cortines envi\u00f3 al Congreso de la Uni\u00f3n una iniciativa con reformas constitucionales cuyo proceso hab\u00eda dejado inconcluso el gobierno anterior, la cual fue aprobada por el Senado de la Rep\u00fablica en septiembre de 1953.<\/p>\n\n\n\n<p>El 17 de octubre de ese a\u00f1o fueron publicadas en el Diario Oficial de la Federaci\u00f3n las reformas al art\u00edculo 34 constitucional y las modificaciones al diverso 115 que otorgaron el derecho al voto a la mujer y a aspirar a cargos de elecci\u00f3n popular en todas las elecciones.<\/p>\n\n\n\n<p>Setenta y un a\u00f1os despu\u00e9s el movimiento feminista mexicano recuerda con agradecimiento el activismo pol\u00edtico en este rubro de <em>Elvia Carrillo Puerto<\/em>, yucateca de nacimiento, ella, fue parte del movimiento de mujeres mexicanas que luchaban por sus derechos pol\u00edticos durante y despu\u00e9s de la Revoluci\u00f3n Mexicana.<\/p>\n\n\n\n<p>Quien en 1919, durante el gobierno de Venustiano Carranza, viaj\u00f3 a la ciudad de M\u00e9xico donde cre\u00f3 la Liga Rita Cetina Guti\u00e9rrez con la intenci\u00f3n de lograr la inclusi\u00f3n del debate sobre el voto femenino en c\u00e1maras legislativas, no obstante fue ignorada en su pretensi\u00f3n.<\/p>\n\n\n\n<p>En 1923 fue elegida diputada para el Congreso de Yucat\u00e1n, convirti\u00e9ndose en una de las tres primeras mujeres en formar parte de un \u00f3rgano legislativo en M\u00e9xico, en una \u00e9poca en que las mujeres no ten\u00edan todav\u00eda el derecho al voto, sin embargo, fue obligada a abandonar su esca\u00f1o tras el asesinato de su hermano Felipe Carrillo Puerto, entonces gobernador de Yucat\u00e1n.<\/p>\n\n\n\n<p>Elvia, lideresa feminista, pol\u00edtica y sufragista mexicana luch\u00f3 incansablemente por el derecho del voto de las mujeres hasta su obtenci\u00f3n en 1953. Ahora, el Senado de la Rep\u00fablica cada 8 de marzo en conmemoraci\u00f3n del D\u00eda Internacional de la Mujer,&nbsp; otorga un reconocimiento en su memoria, por su labor de \u201cdefensa, protecci\u00f3n, ejercicio e investigaci\u00f3n de los derechos humanos de las mujeres y de la igualdad de g\u00e9nero en nuestro pa\u00eds.\u201d<\/p>\n\n\n\n<p>De cara a la conmemoraci\u00f3n del 71\u00ba aniversario del reconocimiento constitucional del voto de la mujer y su derecho de ser elegida en procesos electorales, <em>Alguien como t\u00fa<\/em> est\u00e1 convencida que la agenda de igualdad de los g\u00e9neros ha logrado apuntalarse como uno de los grandes pendientes de nuestros tiempos.<\/p>\n\n\n\n<p>El ritmo que hemos logrado imprimir en esta tarea y los avances alcanzados, no est\u00e1 todav\u00eda al nivel de nuestras expectativas; sin embargo, el camino andado demuestra que hoy en d\u00eda existe una mayor visibilidad y sensibilizaci\u00f3n de las desigualdades de g\u00e9nero que prevalecen en los distintos \u00e1mbitos de la vida p\u00fablica y en el espacio dom\u00e9stico. Debemos redoblar esfuerzos en este sentido.<\/p>\n\n\n\n<p>Una de las inquietudes que se perciben en esta lucha por la igualdad de los g\u00e9neros, es el largo camino recorrido desde principios del siglo pasado y los a\u00fan muchos pendientes urgentes que deben atenderse en esta materia.<\/p>\n\n\n\n<p>Cuanto m\u00e1s tiempo y recursos se apuestan en la agenda de igualdad, los resultados parecen menores, a pesar de estar posesionada como una prioridad nacional e internacional de primer nivel.<\/p>\n\n\n\n<p>Mucho tiene que ver con que algunas y algunos que ostentan el estandarte de la lucha de la igualdad de los g\u00e9neros, no lo hacen de manera convencida, utilizan el rubro para ganar votos en las elecciones o perfilarse como una&nbsp; buena opci\u00f3n para ocupar cargos p\u00fablicos, lo que indefectiblemente coadyuva en el retraso de los avances en la materia.<\/p>\n\n\n\n<p>Aunque existe mucho rezago en el tema, un avance es la visibilizaci\u00f3n del problema y su sensibilizaci\u00f3n. En nuestra sociedad ahora se percibe, se palpa la desigualdad. Apenas estamos logrando ver y entender la dimensi\u00f3n de este problema milenario, cuya magnitud hab\u00eda sido inexplorada, inatendida, desdibujada, simplemente era aceptada sin darnos cuenta, se ve\u00eda normal.<\/p>\n\n\n\n<p>Vamos avanzando, lentamente pero con certeza.<\/p>\n\n\n\n<p>En la vida pol\u00edtica se trata el tema de equidad de g\u00e9nero, como un discurso&nbsp; atractivo a la sociedad para que aumente la credibilidad en los actores pol\u00edticos, para ganar votos, pero, \u00bfEn realidad las y los actores pol\u00edticos est\u00e1n convencidas\/os de lo que dicen? M\u00e1s bien creemos que los motiva, \u201cque nunca tendr\u00e1n la comodidad de nuestro silencio otra vez\u201d, y algo tienen que decir.<\/p>\n\n\n\n<p>Un buen resultado electoral a favor de la participaci\u00f3n de la mujer, fue el obtenido en julio de 2018, se logr\u00f3 la paridad en la participaci\u00f3n femenina y masculina el Poder Legislativo Federal y de los Estados y se ha sostenido dicha preferencia.<\/p>\n\n\n\n<p>El seis de junio de 2019,&nbsp; se public\u00f3 en el Diario Oficial de la Federaci\u00f3n, el Decreto de la reforma constitucional en materia de&nbsp; Paridad entre G\u00e9neros. Esto significa que hoy por hoy es una obligaci\u00f3n constitucional que exista paridad en la integraci\u00f3n de las candidaturas, de las secretar\u00edas del Ejecutivo, a nivel Federal y local, del Poder Judicial de la Federaci\u00f3n y en los Poderes Judiciales de los Estados, as\u00ed como, en los Ayuntamientos y en la integraci\u00f3n de los Organismos Aut\u00f3nomos.<\/p>\n\n\n\n<p>As\u00ed, por primera vez en la historia, M\u00e9xico este 2024 tendr\u00e1 13 mujeres gobernadoras en funciones, y desde el 1\u00b0 de octubre tiene una Presidenta de la Rep\u00fablica.<\/p>\n\n\n\n<p>Usted que nos lee se preguntar\u00e1 \u00bfPor qu\u00e9 resulta importante visibilizar la presencia paritaria de la mujer en cargos de elecci\u00f3n popular?<\/p>\n\n\n\n<p>La respuesta es sencilla, de esta manera se privilegia la presencia de la mujer que por a\u00f1os ha sido discriminada y excluida para acceder a la gubernatura&nbsp; de su Estado e impensable obtener la Presidencia de la Rep\u00fablica y por otro lado porque la presencia de la mujer en la pol\u00edtica es una cuesti\u00f3n b\u00e1sica de la democracia representativa, es una norma constitucional, es un principio constitucional, que debe permear en la ley electoral y hoy es una realidad.<\/p>\n","protected":false},"excerpt":{"rendered":"<p>Gladys P\u00e9rez Maldonado En diciembre de 1952, el presidente Adolfo Ruiz Cortines envi\u00f3 al Congreso de la Uni\u00f3n una iniciativa con reformas constitucionales cuyo proceso hab\u00eda dejado inconcluso el gobierno anterior, la cual fue aprobada por el Senado de la Rep\u00fablica en septiembre de 1953. El 17 de octubre de ese a\u00f1o fueron publicadas en [&hellip;]<\/p>\n","protected":false},"author":45,"featured_media":162898,"comment_status":"open","ping_status":"open","sticky":false,"template":"","format":"standard","meta":{"_monsterinsights_skip_tracking":false,"_monsterinsights_sitenote_active":false,"_monsterinsights_sitenote_note":"","_monsterinsights_sitenote_category":0,"footnotes":""},"categories":[15405],"tags":[15415],"class_list":["post-162897","post","type-post","status-publish","format-standard","has-post-thumbnail","hentry","category-alguien-como-tu","tag-gladys-perez-maldonado","wp-image-borders"],"amp_enabled":true,"_links":{"self":[{"href":"https:\/\/nvnoticias.mx\/index.php\/wp-json\/wp\/v2\/posts\/162897","targetHints":{"allow":["GET"]}}],"collection":[{"href":"https:\/\/nvnoticias.mx\/index.php\/wp-json\/wp\/v2\/posts"}],"about":[{"href":"https:\/\/nvnoticias.mx\/index.php\/wp-json\/wp\/v2\/types\/post"}],"author":[{"embeddable":true,"href":"https:\/\/nvnoticias.mx\/index.php\/wp-json\/wp\/v2\/users\/45"}],"replies":[{"embeddable":true,"href":"https:\/\/nvnoticias.mx\/index.php\/wp-json\/wp\/v2\/comments?post=162897"}],"version-history":[{"count":1,"href":"https:\/\/nvnoticias.mx\/index.php\/wp-json\/wp\/v2\/posts\/162897\/revisions"}],"predecessor-version":[{"id":162899,"href":"https:\/\/nvnoticias.mx\/index.php\/wp-json\/wp\/v2\/posts\/162897\/revisions\/162899"}],"wp:featuredmedia":[{"embeddable":true,"href":"https:\/\/nvnoticias.mx\/index.php\/wp-json\/wp\/v2\/media\/162898"}],"wp:attachment":[{"href":"https:\/\/nvnoticias.mx\/index.php\/wp-json\/wp\/v2\/media?parent=162897"}],"wp:term":[{"taxonomy":"category","embeddable":true,"href":"https:\/\/nvnoticias.mx\/index.php\/wp-json\/wp\/v2\/categories?post=162897"},{"taxonomy":"post_tag","embeddable":true,"href":"https:\/\/nvnoticias.mx\/index.php\/wp-json\/wp\/v2\/tags?post=162897"}],"curies":[{"name":"wp","href":"https:\/\/api.w.org\/{rel}","templated":true}]}}