{"id":1628,"date":"2021-01-19T05:50:14","date_gmt":"2021-01-19T11:50:14","guid":{"rendered":"https:\/\/nvnoticias.mx\/?p=1628"},"modified":"2021-01-19T09:49:35","modified_gmt":"2021-01-19T15:49:35","slug":"la-relacion-bilateral-de-mexico-con-estados-unidos","status":"publish","type":"post","link":"https:\/\/nvnoticias.mx\/index.php\/2021\/01\/19\/la-relacion-bilateral-de-mexico-con-estados-unidos\/","title":{"rendered":"La relaci\u00f3n bilateral de M\u00e9xico con Estados Unidos\u2026"},"content":{"rendered":"\n<p>En las entregas anteriores hicimos un breve repaso de las dif\u00edciles perspectivas que tenemos los mexicanos para este 2021, m\u00e1xime por la problem\u00e1tica que sigue reportando, ahora en sus peores cifras, la pandemia del Coronavirus en nuestro pa\u00eds.<br>La estrategia de vacunaci\u00f3n es muy lenta y err\u00e1tica; la econom\u00eda est\u00e1 colapsando a muchos sectores productivos; la educaci\u00f3n y las escuelas ya se encuentran, muchas de ellas, en una etapa de crisis. As\u00ed podemos seguir sumando factores que nos generan un caldo de cultivo para lo peor, sin embargo, nos faltar\u00eda agregar otro factor que se puede presentar sumamente grave: la relaci\u00f3n bilateral con el nuevo gobierno de los Estados Unidos que va a encabezar <strong>Joe Biden dentro de menos de 48 horas.<\/strong><\/p>\n\n\n\n<p>El gobierno de AMLO se ha empe\u00f1ado en minar en vez de abonar la relaci\u00f3n. Casos como el de <strong>no felicitar a Biden en su momento, defender consistentemente a Trump, ofrecer asilo pol\u00edtico a Julian Assange<\/strong> y ahora, el m\u00e1s complejo de todos, la confrontaci\u00f3n con la DEA y el Departamento de Justicia por la exoneraci\u00f3n del general Cienfuegos, ponen a nuestro pa\u00eds en una condici\u00f3n muy complicada frente a nuestro vecino del norte.<\/p>\n\n\n\n<p>En casos como \u00e9ste no olvidemos la historia. Dos de las cuatro veces heroica Ciudad de Veracruz fueron por dos invasiones de los Estados Unidos a nuestro pa\u00eds: en 1847 y en 1914, sin dejar pasar de lado la intromisi\u00f3n del embajador norteamericano, Henry Lane Wilson, para derrocar el gobierno de Francisco I. Madero en la detestable Decena Tr\u00e1gica que llev\u00f3 al poder al usurpador Victoriano Huerta en 1913. La historia nos deja lecciones fehacientes para que no perdamos de vista el c\u00f3mo poder forjar, de manera adecuada y consistente, nuestro presente y nuestro futuro inmediato.<\/p>\n\n\n\n<p>El gobierno mexicano debe tomar en cuenta que si algo les preocupa y ocupa a los norteamericanos <strong>es su Seguridad Nacional<\/strong>, y ante los momentos tan inciertos que se est\u00e1n viviendo all\u00e1 a consecuencia de la pandemia y por la radicalizaci\u00f3n que ha generado el nefasto de Donald Trump, entre otras problem\u00e1ticas, cualquier situaci\u00f3n que vean o sientan que desde nuestro pa\u00eds se puede ver vulnerada su seguridad nacional, las consecuencias pueden ser catastr\u00f3ficas para nosotros.<\/p>\n\n\n\n<p>Quisiera estar exagerando, pero para lo que hemos podido vivir en estos \u00faltimos a\u00f1os, <strong>nada nos puede sorprende<\/strong>r. Por eso es sumamente importante ser conscientes de lo que aun representa para nosotros y para el mundo entero nuestro &#8220;querid\u00edsimo &#8221; vecino del norte. \u00bfA ver c\u00f3mo nos va?<\/p>\n","protected":false},"excerpt":{"rendered":"<p>En las entregas anteriores hicimos un breve repaso de las dif\u00edciles perspectivas que tenemos los mexicanos para este 2021, m\u00e1xime por la problem\u00e1tica que sigue reportando, ahora en sus peores cifras, la pandemia del Coronavirus en nuestro pa\u00eds.La estrategia de vacunaci\u00f3n es muy lenta y err\u00e1tica; la econom\u00eda est\u00e1 colapsando a muchos sectores productivos; la [&hellip;]<\/p>\n","protected":false},"author":27,"featured_media":1629,"comment_status":"open","ping_status":"open","sticky":false,"template":"","format":"standard","meta":{"_monsterinsights_skip_tracking":false,"_monsterinsights_sitenote_active":false,"_monsterinsights_sitenote_note":"","_monsterinsights_sitenote_category":0,"footnotes":""},"categories":[243],"tags":[363],"class_list":["post-1628","post","type-post","status-publish","format-standard","has-post-thumbnail","hentry","category-purgatorio","tag-jorge-luis-malpica-ortiz","wp-image-borders"],"amp_enabled":true,"_links":{"self":[{"href":"https:\/\/nvnoticias.mx\/index.php\/wp-json\/wp\/v2\/posts\/1628","targetHints":{"allow":["GET"]}}],"collection":[{"href":"https:\/\/nvnoticias.mx\/index.php\/wp-json\/wp\/v2\/posts"}],"about":[{"href":"https:\/\/nvnoticias.mx\/index.php\/wp-json\/wp\/v2\/types\/post"}],"author":[{"embeddable":true,"href":"https:\/\/nvnoticias.mx\/index.php\/wp-json\/wp\/v2\/users\/27"}],"replies":[{"embeddable":true,"href":"https:\/\/nvnoticias.mx\/index.php\/wp-json\/wp\/v2\/comments?post=1628"}],"version-history":[{"count":1,"href":"https:\/\/nvnoticias.mx\/index.php\/wp-json\/wp\/v2\/posts\/1628\/revisions"}],"predecessor-version":[{"id":1630,"href":"https:\/\/nvnoticias.mx\/index.php\/wp-json\/wp\/v2\/posts\/1628\/revisions\/1630"}],"wp:featuredmedia":[{"embeddable":true,"href":"https:\/\/nvnoticias.mx\/index.php\/wp-json\/wp\/v2\/media\/1629"}],"wp:attachment":[{"href":"https:\/\/nvnoticias.mx\/index.php\/wp-json\/wp\/v2\/media?parent=1628"}],"wp:term":[{"taxonomy":"category","embeddable":true,"href":"https:\/\/nvnoticias.mx\/index.php\/wp-json\/wp\/v2\/categories?post=1628"},{"taxonomy":"post_tag","embeddable":true,"href":"https:\/\/nvnoticias.mx\/index.php\/wp-json\/wp\/v2\/tags?post=1628"}],"curies":[{"name":"wp","href":"https:\/\/api.w.org\/{rel}","templated":true}]}}