{"id":162645,"date":"2024-10-17T14:55:44","date_gmt":"2024-10-17T20:55:44","guid":{"rendered":"https:\/\/nvnoticias.mx\/?p=162645"},"modified":"2024-10-17T14:55:46","modified_gmt":"2024-10-17T20:55:46","slug":"ken-salazar-afirma-que-la-relacion-con-la-presidenta-claudia-sheinbaum-va-por-muy-buen-camino","status":"publish","type":"post","link":"https:\/\/nvnoticias.mx\/index.php\/2024\/10\/17\/ken-salazar-afirma-que-la-relacion-con-la-presidenta-claudia-sheinbaum-va-por-muy-buen-camino\/","title":{"rendered":"Ken Salazar afirma que la relaci\u00f3n con la presidenta Claudia Sheinbaum \u201cva por muy buen camino\u201d"},"content":{"rendered":"\n<p>El embajador de Estados Unidos en M\u00e9xico\u00a0<strong>Ken Salazar<\/strong>\u00a0afirm\u00f3 que la relaci\u00f3n con el gobierno de la presidenta<strong>Claudia Sheinbaum<\/strong>\u00a0\u201cva por muy buen camino\u201d y nunca se ha pausado y nunca se va a pausar.<\/p>\n\n\n\n<p>\u201cMe parece que vamos en muy buen camino, tengo mucho optimismo que la relaci\u00f3n entre<strong>&nbsp;Estados Unidos&nbsp;<\/strong>y&nbsp;<strong>M\u00e9xico&nbsp;<\/strong>nunca se va a pausar, eso sigue, no hay pausa, y nunca ha habido una pausa\u201d.<\/p>\n\n\n\n<p>En conferencia de prensa, en la residencia oficial del diplom\u00e1tico estadounidense Salazar dijo que ve con optimismo la<strong>\u00a0relaci\u00f3n bilateral\u00a0<\/strong>que -insisti\u00f3- va muy bien entre los Estados Unidos y M\u00e9xico, con el liderazgo de la presidenta Sheinbaum y su equipo.<\/p>\n\n\n\n<p>Salazar destac\u00f3 que di\u00e1logo comenz\u00f3 el pasado 1 de octubre donde han tenido muchas reuniones, en la cual destac\u00f3 la visita de&nbsp;<strong>Jill Biden<\/strong>, esposa del presidente Joe Biden\u201d y recientemente con empresarios americanos.<\/p>\n\n\n\n<p>\u201cEn dos semanas hemos hecho mucho\u201d.<\/p>\n\n\n\n<p>Asegur\u00f3 que la presidenta Sheinbaum tiene un equipo de trabajo fuerte, encabezado por el canciller<strong>Juan Ram\u00f3n de la Fuente<\/strong>, \u201ces un l\u00edder de coraz\u00f3n y una buena persona\u201d.<\/p>\n\n\n\n<p>Detall\u00f3 que con el nuevo gobierno se ha trabajado en revisar la seguridad entre M\u00e9xico y Estados Unidos, los esfuerzos binacionales, en energ\u00eda y cambio clim\u00e1tico; trabajando en la integraci\u00f3n de nuestras econom\u00edas.<\/p>\n\n\n\n<p>Fuente:<a href=\"https:\/\/www.eluniversal.com.mx\/nacion\/ken-salazar-afirma-que-la-relacion-con-la-presidenta-claudia-sheinbaum-va-por-muy-buen-camino-nunca-se-ha-pausado-ni-se-pausara\/\" data-type=\"link\" data-id=\"https:\/\/www.eluniversal.com.mx\/nacion\/ken-salazar-afirma-que-la-relacion-con-la-presidenta-claudia-sheinbaum-va-por-muy-buen-camino-nunca-se-ha-pausado-ni-se-pausara\/\"> El Universal<\/a><\/p>\n","protected":false},"excerpt":{"rendered":"<p>El embajador de Estados Unidos en M\u00e9xico\u00a0Ken Salazar\u00a0afirm\u00f3 que la relaci\u00f3n con el gobierno de la presidentaClaudia Sheinbaum\u00a0\u201cva por muy buen camino\u201d y nunca se ha pausado y nunca se va a pausar. \u201cMe parece que vamos en muy buen camino, tengo mucho optimismo que la relaci\u00f3n entre&nbsp;Estados Unidos&nbsp;y&nbsp;M\u00e9xico&nbsp;nunca se va a pausar, eso sigue, [&hellip;]<\/p>\n","protected":false},"author":35,"featured_media":162646,"comment_status":"open","ping_status":"open","sticky":false,"template":"","format":"standard","meta":{"_monsterinsights_skip_tracking":false,"_monsterinsights_sitenote_active":false,"_monsterinsights_sitenote_note":"","_monsterinsights_sitenote_category":0,"footnotes":""},"categories":[158],"tags":[2801,5523],"class_list":["post-162645","post","type-post","status-publish","format-standard","has-post-thumbnail","hentry","category-politica","tag-claudia-sheinbaum","tag-ken-salazar","wp-image-borders"],"amp_enabled":true,"_links":{"self":[{"href":"https:\/\/nvnoticias.mx\/index.php\/wp-json\/wp\/v2\/posts\/162645","targetHints":{"allow":["GET"]}}],"collection":[{"href":"https:\/\/nvnoticias.mx\/index.php\/wp-json\/wp\/v2\/posts"}],"about":[{"href":"https:\/\/nvnoticias.mx\/index.php\/wp-json\/wp\/v2\/types\/post"}],"author":[{"embeddable":true,"href":"https:\/\/nvnoticias.mx\/index.php\/wp-json\/wp\/v2\/users\/35"}],"replies":[{"embeddable":true,"href":"https:\/\/nvnoticias.mx\/index.php\/wp-json\/wp\/v2\/comments?post=162645"}],"version-history":[{"count":1,"href":"https:\/\/nvnoticias.mx\/index.php\/wp-json\/wp\/v2\/posts\/162645\/revisions"}],"predecessor-version":[{"id":162647,"href":"https:\/\/nvnoticias.mx\/index.php\/wp-json\/wp\/v2\/posts\/162645\/revisions\/162647"}],"wp:featuredmedia":[{"embeddable":true,"href":"https:\/\/nvnoticias.mx\/index.php\/wp-json\/wp\/v2\/media\/162646"}],"wp:attachment":[{"href":"https:\/\/nvnoticias.mx\/index.php\/wp-json\/wp\/v2\/media?parent=162645"}],"wp:term":[{"taxonomy":"category","embeddable":true,"href":"https:\/\/nvnoticias.mx\/index.php\/wp-json\/wp\/v2\/categories?post=162645"},{"taxonomy":"post_tag","embeddable":true,"href":"https:\/\/nvnoticias.mx\/index.php\/wp-json\/wp\/v2\/tags?post=162645"}],"curies":[{"name":"wp","href":"https:\/\/api.w.org\/{rel}","templated":true}]}}