{"id":162637,"date":"2024-10-17T14:47:22","date_gmt":"2024-10-17T20:47:22","guid":{"rendered":"https:\/\/nvnoticias.mx\/?p=162637"},"modified":"2024-10-17T14:47:23","modified_gmt":"2024-10-17T20:47:23","slug":"jufed-alista-consulta-con-mas-de-mil-700-juzgadores-federales","status":"publish","type":"post","link":"https:\/\/nvnoticias.mx\/index.php\/2024\/10\/17\/jufed-alista-consulta-con-mas-de-mil-700-juzgadores-federales\/","title":{"rendered":"Jufed alista consulta con m\u00e1s de mil 700 juzgadores federales"},"content":{"rendered":"\n<p>La\u00a0<strong>Asociaci\u00f3n Nacional de Magistrados de Circuito y Jueces de Distrito (JUFED)\u00a0<\/strong>anunci\u00f3 que este viernes realizar\u00e1 una consulta entre los m\u00e1s de\u00a0<strong>mil 700 juzgadores federales<\/strong>, que integran la organizaci\u00f3n, para definir la postura que asumir\u00e1n como cuerpo judicial, luego que el\u00a0<strong>Consejo de la Judicatura Federal<\/strong>\u00a0(CJF) orden\u00f3 a los trabajadores\u00a0<strong>levantar el paro<\/strong> con base en la decisi\u00f3n que tomaron magistrados y jueces el pasado 11 de octubre.<\/p>\n\n\n\n<p>Asimismo, la Jufed expres\u00f3 su profunda preocupaci\u00f3n ante la falta de condiciones para que tribunales y juzgados federales del pa\u00eds reanuden actividades en un ambiente de normalidad.<\/p>\n\n\n\n<p>Tras llevar a cabo una sesi\u00f3n extraordinaria entre los integrantes de la Directiva Nacional y los Directores Regionales de la Asociaci\u00f3n, la Jufed rechaz\u00f3 \u201cde manera un\u00e1nime y con firmeza la\u00a0<strong>actitud poco emp\u00e1tica\u00a0<\/strong>que se ha manifestado hacia la leg\u00edtima protesta de las personas trabajadoras y juzgadoras del Poder Judicial de la Federaci\u00f3n por parte del Consejo de la Judicatura Federal, a quien desde un inicio se solicit\u00f3 que todas las decisiones vinculadas con este proceso se adoptaran escuchando tanto a la representaci\u00f3n de Jufed como de la base trabajadora, quienes hemos ejercido el derecho a la defensa de la independencia judicial y de la carrera judicial, actualmente amenazadas\u201d.<\/p>\n\n\n\n<p>Indic\u00f3 que la determinaci\u00f3n plasmada ayer en la circular 22\/2024, se acord\u00f3 que sin escuchar a los trabajadores y tomando de manera &#8220;inexacta el informe&#8221; sobre el levantamiento del paro que decidieron el viernes 11 de octubre, \u201cpasando por alto que en ese informe de resultados se aclar\u00f3, que se respetaba la suspensi\u00f3n decretada por los trabajadores a quienes, no se les ha resuelto sobre las peticiones formuladas\u201d.<\/p>\n\n\n\n<p>La Jufed manifest\u00f3 se profundo\u00a0<strong>desacuerdo<\/strong>\u00a0&#8220;con la determinaci\u00f3n de que sean los titulares de los \u00f3rganos jurisdiccionales, quienes informen qu\u00e9 personas trabajadoras no acuden a laborar, especialmente cuando la solidaridad y el apoyo rec\u00edproco entre titulares y trabajadores, en esta lucha contra la injusta\u00a0<strong>destrucci\u00f3n de la carrera judicial\u00a0<\/strong>y la\u00a0<strong>independencia del Poder Judicial<\/strong>, han sido reiterados en m\u00faltiples ocasiones&#8221;.<\/p>\n\n\n\n<p>Fuente: El <a href=\"https:\/\/www.eluniversal.com.mx\/nacion\/jufed-alista-consulta-con-mas-de-mil-700-juzgadores-federales-definiran-postura-tras-orden-del-cjf-de-levantar-paro\/\" data-type=\"link\" data-id=\"https:\/\/www.eluniversal.com.mx\/nacion\/jufed-alista-consulta-con-mas-de-mil-700-juzgadores-federales-definiran-postura-tras-orden-del-cjf-de-levantar-paro\/\">Universal<\/a><\/p>\n","protected":false},"excerpt":{"rendered":"<p>La\u00a0Asociaci\u00f3n Nacional de Magistrados de Circuito y Jueces de Distrito (JUFED)\u00a0anunci\u00f3 que este viernes realizar\u00e1 una consulta entre los m\u00e1s de\u00a0mil 700 juzgadores federales, que integran la organizaci\u00f3n, para definir la postura que asumir\u00e1n como cuerpo judicial, luego que el\u00a0Consejo de la Judicatura Federal\u00a0(CJF) orden\u00f3 a los trabajadores\u00a0levantar el paro con base en la decisi\u00f3n [&hellip;]<\/p>\n","protected":false},"author":35,"featured_media":108635,"comment_status":"open","ping_status":"open","sticky":false,"template":"","format":"standard","meta":{"_monsterinsights_skip_tracking":false,"_monsterinsights_sitenote_active":false,"_monsterinsights_sitenote_note":"","_monsterinsights_sitenote_category":0,"footnotes":""},"categories":[158],"tags":[30533],"class_list":["post-162637","post","type-post","status-publish","format-standard","has-post-thumbnail","hentry","category-politica","tag-jufed","wp-image-borders"],"amp_enabled":true,"_links":{"self":[{"href":"https:\/\/nvnoticias.mx\/index.php\/wp-json\/wp\/v2\/posts\/162637","targetHints":{"allow":["GET"]}}],"collection":[{"href":"https:\/\/nvnoticias.mx\/index.php\/wp-json\/wp\/v2\/posts"}],"about":[{"href":"https:\/\/nvnoticias.mx\/index.php\/wp-json\/wp\/v2\/types\/post"}],"author":[{"embeddable":true,"href":"https:\/\/nvnoticias.mx\/index.php\/wp-json\/wp\/v2\/users\/35"}],"replies":[{"embeddable":true,"href":"https:\/\/nvnoticias.mx\/index.php\/wp-json\/wp\/v2\/comments?post=162637"}],"version-history":[{"count":1,"href":"https:\/\/nvnoticias.mx\/index.php\/wp-json\/wp\/v2\/posts\/162637\/revisions"}],"predecessor-version":[{"id":162638,"href":"https:\/\/nvnoticias.mx\/index.php\/wp-json\/wp\/v2\/posts\/162637\/revisions\/162638"}],"wp:featuredmedia":[{"embeddable":true,"href":"https:\/\/nvnoticias.mx\/index.php\/wp-json\/wp\/v2\/media\/108635"}],"wp:attachment":[{"href":"https:\/\/nvnoticias.mx\/index.php\/wp-json\/wp\/v2\/media?parent=162637"}],"wp:term":[{"taxonomy":"category","embeddable":true,"href":"https:\/\/nvnoticias.mx\/index.php\/wp-json\/wp\/v2\/categories?post=162637"},{"taxonomy":"post_tag","embeddable":true,"href":"https:\/\/nvnoticias.mx\/index.php\/wp-json\/wp\/v2\/tags?post=162637"}],"curies":[{"name":"wp","href":"https:\/\/api.w.org\/{rel}","templated":true}]}}