{"id":162499,"date":"2024-10-16T09:44:21","date_gmt":"2024-10-16T15:44:21","guid":{"rendered":"https:\/\/nvnoticias.mx\/?p=162499"},"modified":"2024-10-16T09:44:23","modified_gmt":"2024-10-16T15:44:23","slug":"sheinbaum-pide-no-especular-sobre-supuesto-vinculo-entre-rocha-moya-y-el-cartel-de-sinaloa","status":"publish","type":"post","link":"https:\/\/nvnoticias.mx\/index.php\/2024\/10\/16\/sheinbaum-pide-no-especular-sobre-supuesto-vinculo-entre-rocha-moya-y-el-cartel-de-sinaloa\/","title":{"rendered":"Sheinbaum pide no especular sobre supuesto v\u00ednculo entre Rocha Moya y el C\u00e1rtel de Sinaloa"},"content":{"rendered":"\n<p>La presidenta\u00a0<strong>Claudia Sheinbaum<\/strong>\u00a0hizo un llamado para no especular sobre el gobernador de Sinaloa,\u00a0<strong>Rub\u00e9n Rocha Moya<\/strong>, y sus presuntos v\u00ednculos con el narcotr\u00e1fico, espec\u00edficamente con el\u00a0<strong>C\u00e1rtel de Sinaloa.<\/strong><\/p>\n\n\n\n<p>En su conferencia matutina de este mi\u00e9rcoles, la mandataria federal fue cuestionada sobre el paradero de Rocha Moya el pasado 25 de julio, cuando en Estados Unidos detuvieron a los narcotraficantes\u00a0<strong>Ismael \u2018El Mayo\u2019 Zambada\u00a0<\/strong>(l\u00edder del C\u00e1rtel de Sinaloa) y Joaqu\u00edn Guzm\u00e1n L\u00f3pez (hijo de Joaqu\u00edn \u2018El Chapo\u2019 Guzm\u00e1n).<\/p>\n\n\n\n<p>Seg\u00fan el gobernador sinaloense, \u00e9l no se encontraba en territorio mexicano cuando detuvieron a \u2018El Mayo\u2019, pues asegura que ese d\u00eda viaj\u00f3 con su familia a<strong>\u00a0Estados Unidos.<\/strong>\u00a0Sin embargo, el periodista Luis Chaparro ha cuestionado las declaraciones de Rocha Moya y afirma que el funcionario no se traslad\u00f3 al pa\u00eds vecino el 25 de julio.<\/p>\n\n\n\n<p>A ra\u00edz de ello se han generado dudas sobre la ubicaci\u00f3n del gobernador en aquella ocasi\u00f3n, ya que \u2018El Mayo\u2019 Zambada dio a conocer que el 25 de julio (antes de ser detenido) se iba a reunir con Rub\u00e9n Rocha Moya y\u00a0<strong>H\u00e9ctor Melesio Cuen,<\/strong>ex rector de la Universidad Aut\u00f3noma de Sinaloa (UAS).<\/p>\n\n\n\n<p>Fuente: <a href=\"https:\/\/www.infobae.com\/mexico\/2024\/10\/16\/sheinbaum-pide-no-especular-sobre-supuesto-vinculo-entre-rocha-moya-y-el-cartel-de-sinaloa-si-hay-pruebas-que-se-presenten\/\">Infobae<\/a><\/p>\n\n\n\n<p><\/p>\n","protected":false},"excerpt":{"rendered":"<p>La presidenta\u00a0Claudia Sheinbaum\u00a0hizo un llamado para no especular sobre el gobernador de Sinaloa,\u00a0Rub\u00e9n Rocha Moya, y sus presuntos v\u00ednculos con el narcotr\u00e1fico, espec\u00edficamente con el\u00a0C\u00e1rtel de Sinaloa. En su conferencia matutina de este mi\u00e9rcoles, la mandataria federal fue cuestionada sobre el paradero de Rocha Moya el pasado 25 de julio, cuando en Estados Unidos detuvieron [&hellip;]<\/p>\n","protected":false},"author":35,"featured_media":157090,"comment_status":"open","ping_status":"open","sticky":false,"template":"","format":"standard","meta":{"_monsterinsights_skip_tracking":false,"_monsterinsights_sitenote_active":false,"_monsterinsights_sitenote_note":"","_monsterinsights_sitenote_category":0,"footnotes":""},"categories":[158],"tags":[2801,162,31053],"class_list":["post-162499","post","type-post","status-publish","format-standard","has-post-thumbnail","hentry","category-politica","tag-claudia-sheinbaum","tag-portada","tag-ruben-rocha-moya","wp-image-borders"],"amp_enabled":true,"_links":{"self":[{"href":"https:\/\/nvnoticias.mx\/index.php\/wp-json\/wp\/v2\/posts\/162499","targetHints":{"allow":["GET"]}}],"collection":[{"href":"https:\/\/nvnoticias.mx\/index.php\/wp-json\/wp\/v2\/posts"}],"about":[{"href":"https:\/\/nvnoticias.mx\/index.php\/wp-json\/wp\/v2\/types\/post"}],"author":[{"embeddable":true,"href":"https:\/\/nvnoticias.mx\/index.php\/wp-json\/wp\/v2\/users\/35"}],"replies":[{"embeddable":true,"href":"https:\/\/nvnoticias.mx\/index.php\/wp-json\/wp\/v2\/comments?post=162499"}],"version-history":[{"count":6,"href":"https:\/\/nvnoticias.mx\/index.php\/wp-json\/wp\/v2\/posts\/162499\/revisions"}],"predecessor-version":[{"id":162505,"href":"https:\/\/nvnoticias.mx\/index.php\/wp-json\/wp\/v2\/posts\/162499\/revisions\/162505"}],"wp:featuredmedia":[{"embeddable":true,"href":"https:\/\/nvnoticias.mx\/index.php\/wp-json\/wp\/v2\/media\/157090"}],"wp:attachment":[{"href":"https:\/\/nvnoticias.mx\/index.php\/wp-json\/wp\/v2\/media?parent=162499"}],"wp:term":[{"taxonomy":"category","embeddable":true,"href":"https:\/\/nvnoticias.mx\/index.php\/wp-json\/wp\/v2\/categories?post=162499"},{"taxonomy":"post_tag","embeddable":true,"href":"https:\/\/nvnoticias.mx\/index.php\/wp-json\/wp\/v2\/tags?post=162499"}],"curies":[{"name":"wp","href":"https:\/\/api.w.org\/{rel}","templated":true}]}}