{"id":16244,"date":"2021-06-15T10:55:35","date_gmt":"2021-06-15T15:55:35","guid":{"rendered":"https:\/\/nvnoticias.mx\/?p=16244"},"modified":"2021-06-15T10:55:35","modified_gmt":"2021-06-15T15:55:35","slug":"ip-insiste-en-participar-en-vacunacion-anti-covid","status":"publish","type":"post","link":"https:\/\/nvnoticias.mx\/index.php\/2021\/06\/15\/ip-insiste-en-participar-en-vacunacion-anti-covid\/","title":{"rendered":"IP insiste en participar en vacunaci\u00f3n anti COVID"},"content":{"rendered":"\n<p><strong>Jes\u00fas Utrilla \/ NV Noticias<\/strong><\/p>\n\n\n\n<p>Veracruz. \u2013 Jos\u00e9 Antonio Mendoza Garc\u00eda, presidente de la C\u00e1mara Nacional de Comercio en Veracruz, se\u00f1al\u00f3 que ahora que concluy\u00f3 el proceso el gobierno federal podr\u00eda permitir que el sector empresarial adquiera vacunas contra el coronavirus.<\/p>\n\n\n\n<p>Record\u00f3 que se trata de una petici\u00f3n efectuada hace varios meses atr\u00e1s por lo que conf\u00edo que para la segunda mitad del a\u00f1o la iniciativa privada pueda contribuir con la jornada de vacunaci\u00f3n.<\/p>\n\n\n\n<p>De esta manera se podr\u00e1 tener mayor cantidad de gente inmunizada ante el inicio del pr\u00f3ximo ciclo escolar.<\/p>\n\n\n\n<blockquote class=\"wp-block-quote is-layout-flow wp-block-quote-is-layout-flow\"><p>\u201cNosotros los empresarios estamos ofreciendo comprar las vacunas lo que pasa es que no hay autorizaci\u00f3n. Esperemos que ya que pasaron las elecciones podamos tambi\u00e9n apoyar para vacunar a nuestro personal y nuestras familias\u201d.<\/p><\/blockquote>\n\n\n\n<p>Por otro lado, conf\u00edo en que los negocios como papeler\u00edas, zapater\u00edas, de venta de uniformes, entre otros, vuelvan a repuntar sus ventas con el regreso paulatino a las aulas.<\/p>\n\n\n\n<blockquote class=\"wp-block-quote is-layout-flow wp-block-quote-is-layout-flow\"><p>\u201cEst\u00e1n los de los uniformes, zapater\u00edas de tipo escolar, \u00fatiles, las mochilas, todo esto que se requiere cuando se est\u00e1 en tiempo escolar\u201d.<\/p><\/blockquote>\n\n\n\n<p>Admiti\u00f3 que durante varios meses las empresas de los giros mencionados no tuvieron ventas porque las clases fueron en l\u00ednea e incluso a\u00fan se toman de esa forma, sin embargo, insisti\u00f3 en que podr\u00eda darse una pronta recuperaci\u00f3n.<\/p>\n","protected":false},"excerpt":{"rendered":"<p>Jes\u00fas Utrilla \/ NV Noticias Veracruz. \u2013 Jos\u00e9 Antonio Mendoza Garc\u00eda, presidente de la C\u00e1mara Nacional de Comercio en Veracruz, se\u00f1al\u00f3 que ahora que concluy\u00f3 el proceso el gobierno federal podr\u00eda permitir que el sector empresarial adquiera vacunas contra el coronavirus. Record\u00f3 que se trata de una petici\u00f3n efectuada hace varios meses atr\u00e1s por lo [&hellip;]<\/p>\n","protected":false},"author":6,"featured_media":6169,"comment_status":"open","ping_status":"open","sticky":false,"template":"","format":"standard","meta":{"_monsterinsights_skip_tracking":false,"_monsterinsights_sitenote_active":false,"_monsterinsights_sitenote_note":"","_monsterinsights_sitenote_category":0,"footnotes":""},"categories":[154],"tags":[1842,978,809,180],"class_list":["post-16244","post","type-post","status-publish","format-standard","has-post-thumbnail","hentry","category-veracruz","tag-anticovid","tag-canaco","tag-vacunacion","tag-veracruz","wp-image-borders"],"amp_enabled":true,"_links":{"self":[{"href":"https:\/\/nvnoticias.mx\/index.php\/wp-json\/wp\/v2\/posts\/16244","targetHints":{"allow":["GET"]}}],"collection":[{"href":"https:\/\/nvnoticias.mx\/index.php\/wp-json\/wp\/v2\/posts"}],"about":[{"href":"https:\/\/nvnoticias.mx\/index.php\/wp-json\/wp\/v2\/types\/post"}],"author":[{"embeddable":true,"href":"https:\/\/nvnoticias.mx\/index.php\/wp-json\/wp\/v2\/users\/6"}],"replies":[{"embeddable":true,"href":"https:\/\/nvnoticias.mx\/index.php\/wp-json\/wp\/v2\/comments?post=16244"}],"version-history":[{"count":1,"href":"https:\/\/nvnoticias.mx\/index.php\/wp-json\/wp\/v2\/posts\/16244\/revisions"}],"predecessor-version":[{"id":16245,"href":"https:\/\/nvnoticias.mx\/index.php\/wp-json\/wp\/v2\/posts\/16244\/revisions\/16245"}],"wp:featuredmedia":[{"embeddable":true,"href":"https:\/\/nvnoticias.mx\/index.php\/wp-json\/wp\/v2\/media\/6169"}],"wp:attachment":[{"href":"https:\/\/nvnoticias.mx\/index.php\/wp-json\/wp\/v2\/media?parent=16244"}],"wp:term":[{"taxonomy":"category","embeddable":true,"href":"https:\/\/nvnoticias.mx\/index.php\/wp-json\/wp\/v2\/categories?post=16244"},{"taxonomy":"post_tag","embeddable":true,"href":"https:\/\/nvnoticias.mx\/index.php\/wp-json\/wp\/v2\/tags?post=16244"}],"curies":[{"name":"wp","href":"https:\/\/api.w.org\/{rel}","templated":true}]}}