{"id":162417,"date":"2024-10-15T11:25:28","date_gmt":"2024-10-15T17:25:28","guid":{"rendered":"https:\/\/nvnoticias.mx\/?p=162417"},"modified":"2024-10-15T11:25:31","modified_gmt":"2024-10-15T17:25:31","slug":"comisiones-en-el-senado-avalan-la-reforma-electrica-y-sepultan-reforma-energetica-de-epn","status":"publish","type":"post","link":"https:\/\/nvnoticias.mx\/index.php\/2024\/10\/15\/comisiones-en-el-senado-avalan-la-reforma-electrica-y-sepultan-reforma-energetica-de-epn\/","title":{"rendered":"Comisiones en el Senado avalan la reforma el\u00e9ctrica y sepultan reforma energ\u00e9tica de EPN"},"content":{"rendered":"\n<p>Luego de casi cinco horas de debate en las comisiones Unidas de Puntos Constitucionales, Energ\u00eda y Estudios Legislativos del&nbsp;<strong>Senado<\/strong>, legisladores avalaron la&nbsp;<strong>reforma constitucional en material de \u00e1reas y empresas estrat\u00e9gicas<\/strong>. El objetivo de la iniciativa consiste en&nbsp;<strong>garantizar la soberan\u00eda energ\u00e9tica del pa\u00eds<\/strong>, por lo que se contrapone con el proyecto de la reforma energ\u00e9tica de Enrique Pe\u00f1a Nieto (<strong>EPN<\/strong>).<\/p>\n\n\n\n<p>Con&nbsp;<strong>29 votos a favor y 10 en contra<\/strong>&nbsp;se aprob\u00f3 la minuta enviada por la&nbsp;<strong>C\u00e1mara de Diputados<\/strong>que modifica los art\u00edculos 25, 27 y 28 de la Constituci\u00f3n Pol\u00edtica de los Estados Unidos Mexicanos (CPEUM). Con ello, se busca&nbsp;<strong>fortalecer&nbsp;<\/strong>las capacidades del&nbsp;<strong>Estado&nbsp;<\/strong>dentro del sector energ\u00e9tico para garantizar el suministro de electricidad al menor precio posible.<\/p>\n\n\n\n<p>Entre los cambios contemplados en el proyecto, uno de los que m\u00e1s destaca es la eliminaci\u00f3n del concepto \u201cempresas productivas del Estado\u201d en el texto constitucional para abrir paso al de \u201cempresas p\u00fablicas del Estado\u201d.<\/p>\n\n\n\n<p>Adem\u00e1s, establece que las&nbsp;<strong>funciones exclusivas del Estado<\/strong>&nbsp;en \u00e1reas estrat\u00e9gicas como el&nbsp;<strong>litio<\/strong>&nbsp;y el&nbsp;<strong>servicio de Internet<\/strong>&nbsp;<strong>no constituir\u00e1n monopolios<\/strong>, al igual que la planificaci\u00f3n y control del sistema el\u00e9ctrico nacional, cuyo prop\u00f3sito es garantizar la seguridad y autosuficiencia energ\u00e9tica del pa\u00eds.<\/p>\n\n\n\n<p>En ese sentido, dispone que las leyes determinar\u00e1n la forma en que los particulares participar\u00e1n en las actividades de la industria el\u00e9ctrica, las cuales&nbsp;<strong>no podr\u00e1n tener prevalencia sobre la empresa p\u00fablica del Estado<\/strong>. Y es que su funci\u00f3n es la de cumplir con la responsabilidad social y garantizar la continuidad y accesibilidad del servicio p\u00fablico de electricidad.<\/p>\n\n\n\n<p><strong>\u00d3scar Cant\u00f3n Zetina<\/strong>, presidente de la Comisi\u00f3n de Puntos Constitucionales, afirm\u00f3 que la reciente reforma constitucional en M\u00e9xico busca reivindicar el patrimonio del pueblo al asegurar que los recursos energ\u00e9ticos naturales beneficien a la poblaci\u00f3n.<\/p>\n\n\n\n<p><strong>Laura Itzel Castillo Ju\u00e1rez<\/strong>, presidenta de la Comisi\u00f3n de Energ\u00eda, destac\u00f3 que el proyecto tiene un enfoque social, buscando que las empresas p\u00fablicas del Estado beneficien a la sociedad, especialmente en sectores estrat\u00e9gicos como la electricidad, Internet y el litio.<\/p>\n\n\n\n<p>Fuente: <a href=\"https:\/\/www.infobae.com\/mexico\/2024\/10\/15\/comisiones-en-el-senado-avalan-la-reforma-electrica-y-sepultan-reforma-energetica-de-epn\/?outputType=amp-type\">Infobae<\/a><\/p>\n","protected":false},"excerpt":{"rendered":"<p>Luego de casi cinco horas de debate en las comisiones Unidas de Puntos Constitucionales, Energ\u00eda y Estudios Legislativos del&nbsp;Senado, legisladores avalaron la&nbsp;reforma constitucional en material de \u00e1reas y empresas estrat\u00e9gicas. El objetivo de la iniciativa consiste en&nbsp;garantizar la soberan\u00eda energ\u00e9tica del pa\u00eds, por lo que se contrapone con el proyecto de la reforma energ\u00e9tica de [&hellip;]<\/p>\n","protected":false},"author":35,"featured_media":57839,"comment_status":"open","ping_status":"open","sticky":false,"template":"","format":"standard","meta":{"_monsterinsights_skip_tracking":false,"_monsterinsights_sitenote_active":false,"_monsterinsights_sitenote_note":"","_monsterinsights_sitenote_category":0,"footnotes":""},"categories":[158],"tags":[162,1553,369],"class_list":["post-162417","post","type-post","status-publish","format-standard","has-post-thumbnail","hentry","category-politica","tag-portada","tag-reforma-electrica","tag-senado","wp-image-borders"],"amp_enabled":true,"_links":{"self":[{"href":"https:\/\/nvnoticias.mx\/index.php\/wp-json\/wp\/v2\/posts\/162417","targetHints":{"allow":["GET"]}}],"collection":[{"href":"https:\/\/nvnoticias.mx\/index.php\/wp-json\/wp\/v2\/posts"}],"about":[{"href":"https:\/\/nvnoticias.mx\/index.php\/wp-json\/wp\/v2\/types\/post"}],"author":[{"embeddable":true,"href":"https:\/\/nvnoticias.mx\/index.php\/wp-json\/wp\/v2\/users\/35"}],"replies":[{"embeddable":true,"href":"https:\/\/nvnoticias.mx\/index.php\/wp-json\/wp\/v2\/comments?post=162417"}],"version-history":[{"count":4,"href":"https:\/\/nvnoticias.mx\/index.php\/wp-json\/wp\/v2\/posts\/162417\/revisions"}],"predecessor-version":[{"id":162421,"href":"https:\/\/nvnoticias.mx\/index.php\/wp-json\/wp\/v2\/posts\/162417\/revisions\/162421"}],"wp:featuredmedia":[{"embeddable":true,"href":"https:\/\/nvnoticias.mx\/index.php\/wp-json\/wp\/v2\/media\/57839"}],"wp:attachment":[{"href":"https:\/\/nvnoticias.mx\/index.php\/wp-json\/wp\/v2\/media?parent=162417"}],"wp:term":[{"taxonomy":"category","embeddable":true,"href":"https:\/\/nvnoticias.mx\/index.php\/wp-json\/wp\/v2\/categories?post=162417"},{"taxonomy":"post_tag","embeddable":true,"href":"https:\/\/nvnoticias.mx\/index.php\/wp-json\/wp\/v2\/tags?post=162417"}],"curies":[{"name":"wp","href":"https:\/\/api.w.org\/{rel}","templated":true}]}}