{"id":162371,"date":"2024-10-14T19:00:00","date_gmt":"2024-10-15T01:00:00","guid":{"rendered":"https:\/\/nvnoticias.mx\/?p=162371"},"modified":"2024-10-14T21:01:32","modified_gmt":"2024-10-15T03:01:32","slug":"diputados-aprueban-en-lo-general-primera-ley-secundaria-de-reforma-judicial","status":"publish","type":"post","link":"https:\/\/nvnoticias.mx\/index.php\/2024\/10\/14\/diputados-aprueban-en-lo-general-primera-ley-secundaria-de-reforma-judicial\/","title":{"rendered":"Diputados aprueban en lo general primera ley secundaria de reforma judicial"},"content":{"rendered":"\n<p><\/p>\n\n\n\n<p>La C\u00e1mara de Diputados de M\u00e9xico aprob\u00f3 este lunes en lo general la reglamentaci\u00f3n de la primera elecci\u00f3n popular de jueces y magistrados del Poder Judicial de la Federaci\u00f3n (PJF) y ministros de la Suprema Corte de Justicia de la Naci\u00f3n (SCJN).<\/p>\n\n\n\n<p>Con 336 votos a favor, 123 en contra y cero abstenciones, la propuesta ya ratificada por el Senado mexicano se enviar\u00e1 para su publicaci\u00f3n en el Diario Oficial de la Federaci\u00f3n (DOF) y posterior entrada en vigencia.<\/p>\n\n\n\n<p>Las reglas, emitidas por la presidenta Claudia Sheinbaum el 7 de octubre, complementan la reforma constitucional impulsada por Andr\u00e9s Manuel L\u00f3pez Obrador, en vigencia desde el pasado 16 de septiembre.<\/p>\n\n\n\n<p>La elecci\u00f3n, programada para el 1 de junio de 2025, seleccionar\u00e1 a la mitad de los jueces federales, algunos estatales, vacantes del Tribunal Electoral y todos los ministros de la SCJN?<\/p>\n\n\n\n<p>No obstante, antes de llegar a la elecci\u00f3n de impartidores de justicia, las leyes aprobadas por la mayor\u00eda oficialista, encabezada por el gobernante Movimiento Regeneraci\u00f3n Nacional (Morena) indican que el Senado emitir\u00e1 una convocatoria dirigida a los tres Poderes de la Uni\u00f3n, es decir, al Ejecutivo, Legislativo y Judicial.<\/p>\n\n\n\n<p>Estos poderes deber\u00e1n de conformar Comit\u00e9s de Evaluaci\u00f3n encargados de revisar los perfiles a m\u00e1s tardar el 31 de octubre, a fin de emitir convocatorias, y los interesados se postulen entre el 5 y 24 de noviembre pr\u00f3ximos.<\/p>\n\n\n\n<p>Agotado el periodo, los Comit\u00e9s definir\u00e1n los mejores perfiles hasta al 31 de enero y remitir\u00e1n los listados a la autoridad que represente a cada Poder de la Uni\u00f3n, siendo el 4 de febrero de 2025 el \u00faltimo d\u00eda.<\/p>\n\n\n\n<p>Cada uno de los tres Poderes deber\u00e1 revisar los listados y una vez aprobados, los perfiles propuestos ser\u00e1n sometidos a una insaculaci\u00f3n p\u00fablica que deber\u00e1 depurar el grueso de los candidatos para cada cargo antes del 6 de febrero de 2025.<\/p>\n\n\n\n<p>Estos perfiles tambi\u00e9n deber\u00e1n ser sometidos a aprobaci\u00f3n de los Poderes de la Uni\u00f3n y remitidos al Senado antes del 8 de febrero de 2025, para luego enviarlos al Instituto Nacional Electoral (INE), organizador de la elecci\u00f3n, a m\u00e1s tardar el 12 de febrero de 2025.<\/p>\n\n\n\n<p>La oposici\u00f3n en la C\u00e1mara baja del Congreso mexicano critic\u00f3 el mecanismo avalado por la mayor\u00eda, ya que acus\u00f3 &#8220;atenta contra la independencia judicial y permite la llegada de impartidores de justicia afines a la actual Administraci\u00f3n&#8221; de la presidenta Sheinbaum.<\/p>\n\n\n\n<p>Por su parte, el oficialismo defendi\u00f3 que este proceso es un paso hacia una mayor transparencia y la democracia, mientras integrantes del Poder Judicial, incluidos jueces y magistrados, han definido continuar con un paro de sus actividades que lleva desde el 19 de agosto, en un hecho sin precedentes.<\/p>\n\n\n\n<p><\/p>\n","protected":false},"excerpt":{"rendered":"<p>La C\u00e1mara de Diputados de M\u00e9xico aprob\u00f3 este lunes en lo general la reglamentaci\u00f3n de la primera elecci\u00f3n popular de jueces y magistrados del Poder Judicial de la Federaci\u00f3n (PJF) y ministros de la Suprema Corte de Justicia de la Naci\u00f3n (SCJN). Con 336 votos a favor, 123 en contra y cero abstenciones, la propuesta [&hellip;]<\/p>\n","protected":false},"author":8,"featured_media":147334,"comment_status":"open","ping_status":"open","sticky":false,"template":"","format":"standard","meta":{"_monsterinsights_skip_tracking":false,"_monsterinsights_sitenote_active":false,"_monsterinsights_sitenote_note":"","_monsterinsights_sitenote_category":0,"footnotes":""},"categories":[157],"tags":[566,162,31055,30269],"class_list":["post-162371","post","type-post","status-publish","format-standard","has-post-thumbnail","hentry","category-nacional","tag-diputados","tag-portada","tag-primera-ley-secundaria","tag-reforma-judicial","wp-image-borders"],"amp_enabled":true,"_links":{"self":[{"href":"https:\/\/nvnoticias.mx\/index.php\/wp-json\/wp\/v2\/posts\/162371","targetHints":{"allow":["GET"]}}],"collection":[{"href":"https:\/\/nvnoticias.mx\/index.php\/wp-json\/wp\/v2\/posts"}],"about":[{"href":"https:\/\/nvnoticias.mx\/index.php\/wp-json\/wp\/v2\/types\/post"}],"author":[{"embeddable":true,"href":"https:\/\/nvnoticias.mx\/index.php\/wp-json\/wp\/v2\/users\/8"}],"replies":[{"embeddable":true,"href":"https:\/\/nvnoticias.mx\/index.php\/wp-json\/wp\/v2\/comments?post=162371"}],"version-history":[{"count":1,"href":"https:\/\/nvnoticias.mx\/index.php\/wp-json\/wp\/v2\/posts\/162371\/revisions"}],"predecessor-version":[{"id":162372,"href":"https:\/\/nvnoticias.mx\/index.php\/wp-json\/wp\/v2\/posts\/162371\/revisions\/162372"}],"wp:featuredmedia":[{"embeddable":true,"href":"https:\/\/nvnoticias.mx\/index.php\/wp-json\/wp\/v2\/media\/147334"}],"wp:attachment":[{"href":"https:\/\/nvnoticias.mx\/index.php\/wp-json\/wp\/v2\/media?parent=162371"}],"wp:term":[{"taxonomy":"category","embeddable":true,"href":"https:\/\/nvnoticias.mx\/index.php\/wp-json\/wp\/v2\/categories?post=162371"},{"taxonomy":"post_tag","embeddable":true,"href":"https:\/\/nvnoticias.mx\/index.php\/wp-json\/wp\/v2\/tags?post=162371"}],"curies":[{"name":"wp","href":"https:\/\/api.w.org\/{rel}","templated":true}]}}