{"id":16235,"date":"2021-06-15T10:29:19","date_gmt":"2021-06-15T15:29:19","guid":{"rendered":"https:\/\/nvnoticias.mx\/?p=16235"},"modified":"2021-06-15T10:29:20","modified_gmt":"2021-06-15T15:29:20","slug":"biden-llega-a-ginebra-se-reunira-por-primera-vez-con-putin","status":"publish","type":"post","link":"https:\/\/nvnoticias.mx\/index.php\/2021\/06\/15\/biden-llega-a-ginebra-se-reunira-por-primera-vez-con-putin\/","title":{"rendered":"Biden llega a Ginebra, se reunir\u00e1 por primera vez con Putin"},"content":{"rendered":"\n<p>El presidente de Estados Unidos, Joe Biden, aterriz\u00f3 en Ginebra para su primera cumbre con el mandatario de Rusia, Vladimir Putin, la cual se llevar\u00e1 a cabo ma\u00f1ana.<\/p>\n\n\n\n<p>Esta reuni\u00f3n se da el contexto de una de las mayores crisis entre ambas naciones en su historia reciente. Desde el inicio de la administraci\u00f3n de Biden, ambos mandatarios se han visto envueltos en tensiones por puntos clave, que ser\u00e1n discutidos en la reuni\u00f3n.<\/p>\n\n\n\n<p>El \u00fanico objetivo planteado es hacer que las relaciones entre ambos pa\u00edses sean m\u00e1s \u201cestables y predecibles\u201d.<\/p>\n\n\n\n<p>Biden desembarc\u00f3 en Suiza luego de haber mantenido reuniones con sus m\u00e1s cercanos aliados del G7 y la OTAN, a los que tranquiliz\u00f3 tras los agitados a\u00f1os de su predecesor, Donald Trump.<\/p>\n\n\n\n<p>Fuente: <a href=\"https:\/\/www.milenio.com\/internacional\/joe-biden-llega-ginebra-reunion-vladimir-putin\">Milenio<\/a><\/p>\n","protected":false},"excerpt":{"rendered":"<p>El presidente de Estados Unidos, Joe Biden, aterriz\u00f3 en Ginebra para su primera cumbre con el mandatario de Rusia, Vladimir Putin, la cual se llevar\u00e1 a cabo ma\u00f1ana. Esta reuni\u00f3n se da el contexto de una de las mayores crisis entre ambas naciones en su historia reciente. Desde el inicio de la administraci\u00f3n de Biden, [&hellip;]<\/p>\n","protected":false},"author":6,"featured_media":16237,"comment_status":"open","ping_status":"open","sticky":false,"template":"","format":"standard","meta":{"_monsterinsights_skip_tracking":false,"_monsterinsights_sitenote_active":false,"_monsterinsights_sitenote_note":"","_monsterinsights_sitenote_category":0,"footnotes":""},"categories":[181],"tags":[3806,182,162,703],"class_list":["post-16235","post","type-post","status-publish","format-standard","has-post-thumbnail","hentry","category-internacional","tag-ginebra","tag-joe-biden","tag-portada","tag-vladimir-putin","wp-image-borders"],"amp_enabled":true,"_links":{"self":[{"href":"https:\/\/nvnoticias.mx\/index.php\/wp-json\/wp\/v2\/posts\/16235","targetHints":{"allow":["GET"]}}],"collection":[{"href":"https:\/\/nvnoticias.mx\/index.php\/wp-json\/wp\/v2\/posts"}],"about":[{"href":"https:\/\/nvnoticias.mx\/index.php\/wp-json\/wp\/v2\/types\/post"}],"author":[{"embeddable":true,"href":"https:\/\/nvnoticias.mx\/index.php\/wp-json\/wp\/v2\/users\/6"}],"replies":[{"embeddable":true,"href":"https:\/\/nvnoticias.mx\/index.php\/wp-json\/wp\/v2\/comments?post=16235"}],"version-history":[{"count":1,"href":"https:\/\/nvnoticias.mx\/index.php\/wp-json\/wp\/v2\/posts\/16235\/revisions"}],"predecessor-version":[{"id":16236,"href":"https:\/\/nvnoticias.mx\/index.php\/wp-json\/wp\/v2\/posts\/16235\/revisions\/16236"}],"wp:featuredmedia":[{"embeddable":true,"href":"https:\/\/nvnoticias.mx\/index.php\/wp-json\/wp\/v2\/media\/16237"}],"wp:attachment":[{"href":"https:\/\/nvnoticias.mx\/index.php\/wp-json\/wp\/v2\/media?parent=16235"}],"wp:term":[{"taxonomy":"category","embeddable":true,"href":"https:\/\/nvnoticias.mx\/index.php\/wp-json\/wp\/v2\/categories?post=16235"},{"taxonomy":"post_tag","embeddable":true,"href":"https:\/\/nvnoticias.mx\/index.php\/wp-json\/wp\/v2\/tags?post=16235"}],"curies":[{"name":"wp","href":"https:\/\/api.w.org\/{rel}","templated":true}]}}