{"id":162343,"date":"2024-10-14T14:53:07","date_gmt":"2024-10-14T20:53:07","guid":{"rendered":"https:\/\/nvnoticias.mx\/?p=162343"},"modified":"2024-10-14T14:53:09","modified_gmt":"2024-10-14T20:53:09","slug":"ruben-rocha-moya-denuncia-ataques-politicos-en-su-contra","status":"publish","type":"post","link":"https:\/\/nvnoticias.mx\/index.php\/2024\/10\/14\/ruben-rocha-moya-denuncia-ataques-politicos-en-su-contra\/","title":{"rendered":"Rub\u00e9n Rocha Moya denuncia ataques pol\u00edticos en su contra"},"content":{"rendered":"\n<p>&nbsp;El gobernador del estado,&nbsp;<strong>Rub\u00e9n&nbsp; Rocha Moya<\/strong>&nbsp;afirm\u00f3 que quieren eliminarlo como jefe del ejecutivo estatal, primero lo enferman con padecimientos terminales o del coraz\u00f3n y ahora, en forma perversa pretenden vincularlo a uno de los&nbsp;<strong>grupos delictivos<\/strong>, de ah\u00ed las continuas publicaciones en ese sentido.<\/p>\n\n\n\n<p>Al abordar en su tradicional conferencia semanal, habl\u00f3 de las publicaciones recientes, en las que se alude que no existe registro de ingreso a los Estados Unidos, el pasado 25 de Julio de este a\u00f1o, cuando viaj\u00f3 con su familia a los \u00c1ngeles California, en un vuelo privado que parti\u00f3 de Culiac\u00e1n.<\/p>\n\n\n\n<p>Indico que existe una inducci\u00f3n de tipo pol\u00edtico que alimenta las versiones que se propagan, una en el sentido que padezco del coraz\u00f3n o que tengo c\u00e1ncer y ahora, pretenden vincularme con uno de los grupos delictivos que me ponen en riesgo.<\/p>\n\n\n\n<p>Rocha Moya extern\u00f3 que se busca generar desconfianza entre la sociedad sobre mi persona y colocarlo en la mira de uno de los grupos delictivos con las publicaciones que se hacen, sobre los sucesos que se han presentado.<\/p>\n\n\n\n<p>Dio a conocer que se esta combatiendo la&nbsp;<strong>inseguridad y la violencia<\/strong>, con el respaldo de las fuerzas federales que en los \u00faltimos d\u00edas arribaron a la capital del estado, mas de seiscientos elementos del ej\u00e9rcito, las Fuerzas Federales y de la Guardia Nacional, los cuales ya est\u00e1n actuando.<\/p>\n\n\n\n<p>El mandatario estatal explic\u00f3 que diariamente, adicional a la Mesa de Seguridad, se celebra una reuni\u00f3n de evaluaci\u00f3n con las fuerzas federales y estatales para evaluar como evolucionan los operativos y el dise\u00f1o de nuevos operativos.<\/p>\n","protected":false},"excerpt":{"rendered":"<p>&nbsp;El gobernador del estado,&nbsp;Rub\u00e9n&nbsp; Rocha Moya&nbsp;afirm\u00f3 que quieren eliminarlo como jefe del ejecutivo estatal, primero lo enferman con padecimientos terminales o del coraz\u00f3n y ahora, en forma perversa pretenden vincularlo a uno de los&nbsp;grupos delictivos, de ah\u00ed las continuas publicaciones en ese sentido. Al abordar en su tradicional conferencia semanal, habl\u00f3 de las publicaciones recientes, [&hellip;]<\/p>\n","protected":false},"author":35,"featured_media":157090,"comment_status":"open","ping_status":"open","sticky":false,"template":"","format":"standard","meta":{"_monsterinsights_skip_tracking":false,"_monsterinsights_sitenote_active":false,"_monsterinsights_sitenote_note":"","_monsterinsights_sitenote_category":0,"footnotes":""},"categories":[158],"tags":[31053],"class_list":["post-162343","post","type-post","status-publish","format-standard","has-post-thumbnail","hentry","category-politica","tag-ruben-rocha-moya","wp-image-borders"],"amp_enabled":true,"_links":{"self":[{"href":"https:\/\/nvnoticias.mx\/index.php\/wp-json\/wp\/v2\/posts\/162343","targetHints":{"allow":["GET"]}}],"collection":[{"href":"https:\/\/nvnoticias.mx\/index.php\/wp-json\/wp\/v2\/posts"}],"about":[{"href":"https:\/\/nvnoticias.mx\/index.php\/wp-json\/wp\/v2\/types\/post"}],"author":[{"embeddable":true,"href":"https:\/\/nvnoticias.mx\/index.php\/wp-json\/wp\/v2\/users\/35"}],"replies":[{"embeddable":true,"href":"https:\/\/nvnoticias.mx\/index.php\/wp-json\/wp\/v2\/comments?post=162343"}],"version-history":[{"count":3,"href":"https:\/\/nvnoticias.mx\/index.php\/wp-json\/wp\/v2\/posts\/162343\/revisions"}],"predecessor-version":[{"id":162346,"href":"https:\/\/nvnoticias.mx\/index.php\/wp-json\/wp\/v2\/posts\/162343\/revisions\/162346"}],"wp:featuredmedia":[{"embeddable":true,"href":"https:\/\/nvnoticias.mx\/index.php\/wp-json\/wp\/v2\/media\/157090"}],"wp:attachment":[{"href":"https:\/\/nvnoticias.mx\/index.php\/wp-json\/wp\/v2\/media?parent=162343"}],"wp:term":[{"taxonomy":"category","embeddable":true,"href":"https:\/\/nvnoticias.mx\/index.php\/wp-json\/wp\/v2\/categories?post=162343"},{"taxonomy":"post_tag","embeddable":true,"href":"https:\/\/nvnoticias.mx\/index.php\/wp-json\/wp\/v2\/tags?post=162343"}],"curies":[{"name":"wp","href":"https:\/\/api.w.org\/{rel}","templated":true}]}}