{"id":162247,"date":"2024-10-14T08:00:00","date_gmt":"2024-10-14T14:00:00","guid":{"rendered":"https:\/\/nvnoticias.mx\/?p=162247"},"modified":"2024-10-13T21:20:03","modified_gmt":"2024-10-14T03:20:03","slug":"la-crisis-estrategica-de-la-oposicion","status":"publish","type":"post","link":"https:\/\/nvnoticias.mx\/index.php\/2024\/10\/14\/la-crisis-estrategica-de-la-oposicion\/","title":{"rendered":"La crisis estrat\u00e9gica de la oposici\u00f3n"},"content":{"rendered":"\n<p><\/p>\n\n\n\n<p><strong>Edgard Gonz\u00e1lez Su\u00e1rez<\/strong><\/p>\n\n\n\n<p>No solo en M\u00e9xico, sino en una gran parte del mundo, se vive una gran crisis estrat\u00e9gica sobre las pol\u00edticas p\u00fablicas, la representaci\u00f3n y el sistema democr\u00e1tico. Una crisis que no empez\u00f3 ayer, ni hace diez a\u00f1os. El debate estrat\u00e9gico acerca del sistema de representaci\u00f3n social, la democracia como como dise\u00f1o institucional y las pol\u00edticas p\u00fablicas derivadas de esas instituciones tienen como m\u00ednimo 30 a\u00f1os, y hay te\u00f3ricos que asumen que dicha crisis lleva ya por lo menos 40 a\u00f1os.<\/p>\n\n\n\n<p>La lucha pol\u00edtica entre los modelos de gesti\u00f3n econ\u00f3mica centrados, uno, en la \u201clibre\u201d autorregulaci\u00f3n de las fuerzas del mercado, es decir, una libertad de inversi\u00f3n, financiaci\u00f3n y comercializaci\u00f3n, sin intervenciones estatales o gubernamentales, y que promete crear riqueza y distribuirla a trav\u00e9s de pol\u00edticas p\u00fablicas que beneficien a la poblaci\u00f3n, centrada b\u00e1sicamente en educaci\u00f3n, salud y seguridad p\u00fablica. Y dos, un modelo centrado en la recuperaci\u00f3n y mantenimiento de un estado fuerte que garantice los equilibrios y regulaciones necesarias para evitar la p\u00e9rdida de los sectores estrat\u00e9gicos para una naci\u00f3n que promueva la inversi\u00f3n privada en \u00e1reas espec\u00edficas, incentive la producci\u00f3n de riqueza y \u00e9sta se distribuya mediante pol\u00edticas p\u00fablicas que beneficien a amplios sectores populares, a los trabajadores de las \u00e1reas productivas y a los grupos socialmente vulnerables.<\/p>\n\n\n\n<p>Estos son los dos grandes modelos de gesti\u00f3n econ\u00f3mica en el mundo, lo mismo debaten en India, Brasil, Rusia, Gran Breta\u00f1a, Jap\u00f3n, Argentina, Corea, EEUU o M\u00e9xico.<\/p>\n\n\n\n<p>Hasta ahora, hasta el d\u00eda de hoy, no hay otros modelos viables, factibles: el modelo cubano o norcoreano, son modelos subsidiados, fracasados, desde el punto de vista nacional, derivados de factores geopol\u00edticos y sociohist\u00f3ricos. El modelo bolivariano venezolano sigue un patr\u00f3n similar, de acoso por parte del imperialismo, que pretende a toda costa evitar que las reservas petroleras de esa naci\u00f3n terminen en manos rusas o chinas, y el r\u00e9gimen lucha por su soberan\u00eda e inter\u00e9s nacional.<\/p>\n\n\n\n<p>Los modelos con viabilidad, los primeros mencionados, son los que verdaderamente se disputan el proyecto nacional en cada pa\u00eds, y donde se han ensayado distintas formas tanto de representaci\u00f3n social como de dise\u00f1o democr\u00e1tico. Cada modelo ha generado distintos tipos de partidos, de r\u00e9gimen pol\u00edtico, y de lucha pol\u00edtico electoral. No hay sistemas democr\u00e1ticos, en el mundo, libres de tensiones, de luchas y de reformas jur\u00eddicas.<\/p>\n\n\n\n<p>De esta manera, el modelo neoliberal -Libre empresa sin regulaci\u00f3n del estado- ha entrado en una crisis estructural, en Canad\u00e1, en los Estados Unidos, en la Uni\u00f3n Europea, en Am\u00e9rica Latina, y tambi\u00e9n en M\u00e9xico. En los pa\u00edses angloamericanos y europeos los desaf\u00edos vienen de la ultraderecha nacionalista, en los pa\u00edses latinoamericanos los desaf\u00edos vienen de la izquierda progresista y popular.<\/p>\n\n\n\n<p>Por ello, es que decimos que la oposici\u00f3n en M\u00e9xico no solo esta en crisis, en M\u00e9xico no hay oposici\u00f3n, los neoliberales se cebaron de corrupci\u00f3n, se entregaron de manera parasitaria a los intereses globalistas y extranjeros y perdieron la confianza electoral. Su descredito es tal que el rechazo arras\u00f3 con partidos, liderazgos, empresarios entreguistas, intelectuales de televisi\u00f3n, medios de comunicaci\u00f3n, y todas las instituciones al servicio del neoliberalismo fueron desbaratadas en un sexenio, que mostr\u00f3, que las cosas pod\u00edan hacerse de manera diferente.<\/p>\n\n\n\n<p>Los partidos ahora opositores, PRI y PAN se en encuentran en ruinas, disminuidos y sin proyecto alternativo. Siguen montados en que vendr\u00e1 la destrucci\u00f3n de la democracia nacional, se nos impondr\u00e1 un r\u00e9gimen pol\u00edtico dictatorial, que viene la persecuci\u00f3n de la oposici\u00f3n pol\u00edtica, su censura y encarcelamiento, que nos espera una debacle econ\u00f3mica, que perderemos nuestra libertad y posesiones, que nos impondr\u00e1n una ideolog\u00eda marxista y comunistas y como cantaleta ya abominable, vamos derechito a ser la copia del gobierno venezolano.<\/p>\n\n\n\n<p>Fantas\u00edas, mentiras, bulos y mera propaganda. Para que haya oposici\u00f3n tiene que haber proposici\u00f3n. Y hasta ahora, lo \u00fanico que hemos visto, tanto en los medios como en las calles son refritos de la estrategia negacionista y de confrontaci\u00f3n de los partidos neoliberales.<\/p>\n\n\n\n<p>Estoy seguro, que los partidos neoliberales, pensaron que el triunfo de la 4T ser\u00eda pasajero, ser\u00eda un traspi\u00e9 electoral, que los partidos neoliberales regresar\u00edan triunfantes si atacaban a machetazos todos los d\u00edas a L\u00f3pez Obrador y fracasaron. Y por supuesto no se recuperan an\u00edmicamente de la bochornosa derrota electoral del 2 de junio y los niveles de popularidad con que se retir\u00f3 L\u00f3pez Obrador y la llegada de Claudia Sheinbaum.<\/p>\n\n\n\n<p>He o\u00eddo, en los partidos neoliberales la necesidad de refundarse, lo cual no deja de ser una idea interesante, pero lo que alcanzamos a ver, es que siguen en el discurso descalificador: no vinieron jefes de estado a la protesta de la presidenta, la estrategia de seguridad no dar\u00e1 resultados, hay 200 mil muertos en los hombros de Sheinbaum, M\u00e9xico nunca fue invadido ni conquistado por los espa\u00f1oles, el poder judicial puede impedir la reforma del poder judicial, y N linduras y disparates como esos.<\/p>\n\n\n\n<p>Mientras la oposici\u00f3n siga con esta cantaleta seguir\u00e1n aisl\u00e1ndose, seguir\u00e1n alej\u00e1ndose de las mayor\u00edas y no podr\u00e1n avanzar ni un mil\u00edmetro, ni un voto, a lo sumo podr\u00e1n mantener a su n\u00facleo duro, sino es que empiezan a perder adeptos en los pr\u00f3ximos tres a\u00f1os, y el dominio de la 4T pudiera extenderse otros dos sexenios m\u00e1s como m\u00ednimo.<\/p>\n","protected":false},"excerpt":{"rendered":"<p>Edgard Gonz\u00e1lez Su\u00e1rez No solo en M\u00e9xico, sino en una gran parte del mundo, se vive una gran crisis estrat\u00e9gica sobre las pol\u00edticas p\u00fablicas, la representaci\u00f3n y el sistema democr\u00e1tico. Una crisis que no empez\u00f3 ayer, ni hace diez a\u00f1os. El debate estrat\u00e9gico acerca del sistema de representaci\u00f3n social, la democracia como como dise\u00f1o institucional [&hellip;]<\/p>\n","protected":false},"author":26,"featured_media":7021,"comment_status":"open","ping_status":"open","sticky":false,"template":"","format":"standard","meta":{"_monsterinsights_skip_tracking":false,"_monsterinsights_sitenote_active":false,"_monsterinsights_sitenote_note":"","_monsterinsights_sitenote_category":0,"footnotes":""},"categories":[242],"tags":[702],"class_list":["post-162247","post","type-post","status-publish","format-standard","has-post-thumbnail","hentry","category-macroscopio","tag-edgard-gonzalez-suarez","wp-image-borders"],"amp_enabled":true,"_links":{"self":[{"href":"https:\/\/nvnoticias.mx\/index.php\/wp-json\/wp\/v2\/posts\/162247","targetHints":{"allow":["GET"]}}],"collection":[{"href":"https:\/\/nvnoticias.mx\/index.php\/wp-json\/wp\/v2\/posts"}],"about":[{"href":"https:\/\/nvnoticias.mx\/index.php\/wp-json\/wp\/v2\/types\/post"}],"author":[{"embeddable":true,"href":"https:\/\/nvnoticias.mx\/index.php\/wp-json\/wp\/v2\/users\/26"}],"replies":[{"embeddable":true,"href":"https:\/\/nvnoticias.mx\/index.php\/wp-json\/wp\/v2\/comments?post=162247"}],"version-history":[{"count":1,"href":"https:\/\/nvnoticias.mx\/index.php\/wp-json\/wp\/v2\/posts\/162247\/revisions"}],"predecessor-version":[{"id":162248,"href":"https:\/\/nvnoticias.mx\/index.php\/wp-json\/wp\/v2\/posts\/162247\/revisions\/162248"}],"wp:featuredmedia":[{"embeddable":true,"href":"https:\/\/nvnoticias.mx\/index.php\/wp-json\/wp\/v2\/media\/7021"}],"wp:attachment":[{"href":"https:\/\/nvnoticias.mx\/index.php\/wp-json\/wp\/v2\/media?parent=162247"}],"wp:term":[{"taxonomy":"category","embeddable":true,"href":"https:\/\/nvnoticias.mx\/index.php\/wp-json\/wp\/v2\/categories?post=162247"},{"taxonomy":"post_tag","embeddable":true,"href":"https:\/\/nvnoticias.mx\/index.php\/wp-json\/wp\/v2\/tags?post=162247"}],"curies":[{"name":"wp","href":"https:\/\/api.w.org\/{rel}","templated":true}]}}