{"id":162221,"date":"2024-10-13T12:19:47","date_gmt":"2024-10-13T18:19:47","guid":{"rendered":"https:\/\/nvnoticias.mx\/?p=162221"},"modified":"2024-10-13T12:19:49","modified_gmt":"2024-10-13T18:19:49","slug":"seis-mexicanos-salen-de-libano-en-medio-de-conflicto-con-israel","status":"publish","type":"post","link":"https:\/\/nvnoticias.mx\/index.php\/2024\/10\/13\/seis-mexicanos-salen-de-libano-en-medio-de-conflicto-con-israel\/","title":{"rendered":"Seis mexicanos salen de L\u00edbano en medio de conflicto con Israel"},"content":{"rendered":"\n<p><\/p>\n\n\n\n<p>En medio del conflicto entre Israel y L\u00edbano, la&nbsp;<strong>Secretar\u00eda de Relaciones&nbsp;<\/strong>inform\u00f3 que este s\u00e1bado sali\u00f3 un grupo de seis personas mexicanas en un vuelo hacia Estambul, T\u00fcrkiye, con el apoyo del gobierno de Canad\u00e1.<\/p>\n\n\n\n<p>Las personas fueron recibidas por el embajador Jos\u00e9 Luis Mart\u00ednez y Hern\u00e1ndez, la encargada de la secci\u00f3n consular en Ankara, Araceli Yali Noriega Curtis, y el apoyo del c\u00f3nsul encargado en Estambul, el ministro Jos\u00e9 Eduardo Buenrostro Vielmas.<\/p>\n\n\n\n<p>Asimismo, el viernes 11 de octubre sali\u00f3 una persona hacia Chipre con el apoyo del gobierno de Australia, quien fue recibida por el embajador de M\u00e9xico en Grecia, Alejandro Garc\u00eda Moreno, quien se traslad\u00f3 al aeropuerto de L\u00e1rnaca para asegurar su llegada.<\/p>\n\n\n\n<p>Algunas personas viajar\u00e1n a M\u00e9xico como destino final, mientras que otras permanecer\u00e1n en Europa.<\/p>\n\n\n\n<blockquote class=\"wp-block-quote is-layout-flow wp-block-quote-is-layout-flow\">\n<p>\u201cExpresamos nuestro agradecimiento a los gobiernos de Australia y Canad\u00e1 para incorporar a las personas mexicanas que han solicitado salir del pa\u00eds en estos vuelos humanitarios\u201d, expres\u00f3 la SRE.<\/p>\n<\/blockquote>\n\n\n\n<figure class=\"wp-block-embed is-type-rich is-provider-twitter wp-block-embed-twitter\"><div class=\"wp-block-embed__wrapper\">\n<blockquote class=\"twitter-tweet\" data-width=\"550\" data-dnt=\"true\"><p lang=\"es\" dir=\"ltr\">COMUNICADO. \u201cEl Gobierno de M\u00e9xico contin\u00faa con la asistencia y protecci\u00f3n de personas mexicanas en L\u00edbano\u201d.<a href=\"https:\/\/t.co\/vpzyNzTdQ1\">https:\/\/t.co\/vpzyNzTdQ1<\/a> <a href=\"https:\/\/t.co\/knpGe15auQ\">pic.twitter.com\/knpGe15auQ<\/a><\/p>&mdash; Relaciones Exteriores (@SRE_mx) <a href=\"https:\/\/twitter.com\/SRE_mx\/status\/1845244808270344205?ref_src=twsrc%5Etfw\">October 12, 2024<\/a><\/blockquote><script async src=\"https:\/\/platform.twitter.com\/widgets.js\" charset=\"utf-8\"><\/script>\n<\/div><\/figure>\n\n\n\n<p>Adem\u00e1s, la Secretar\u00eda de Relaciones Exteriores recalc\u00f3 que la embajada en L\u00edbano mantiene comunicaci\u00f3n permanente con las personas que han decidido permanecer en el pa\u00eds y contin\u00faa identificando todas las rutas de salida posibles.<\/p>\n\n\n\n<p>Fuente: <a href=\"https:\/\/www.eluniversal.com.mx\/nacion\/salen-seis-mexicanos-de-libano-en-medio-de-conflicto-con-israel-apoya-gobierno-de-canada-sre\/\">El Universal<\/a><\/p>\n","protected":false},"excerpt":{"rendered":"<p>En medio del conflicto entre Israel y L\u00edbano, la&nbsp;Secretar\u00eda de Relaciones&nbsp;inform\u00f3 que este s\u00e1bado sali\u00f3 un grupo de seis personas mexicanas en un vuelo hacia Estambul, T\u00fcrkiye, con el apoyo del gobierno de Canad\u00e1. Las personas fueron recibidas por el embajador Jos\u00e9 Luis Mart\u00ednez y Hern\u00e1ndez, la encargada de la secci\u00f3n consular en Ankara, Araceli [&hellip;]<\/p>\n","protected":false},"author":6,"featured_media":162222,"comment_status":"open","ping_status":"open","sticky":false,"template":"","format":"standard","meta":{"_monsterinsights_skip_tracking":false,"_monsterinsights_sitenote_active":false,"_monsterinsights_sitenote_note":"","_monsterinsights_sitenote_category":0,"footnotes":""},"categories":[157],"tags":[28396,27753,257,162],"class_list":["post-162221","post","type-post","status-publish","format-standard","has-post-thumbnail","hentry","category-nacional","tag-israe","tag-libano","tag-mexicanos","tag-portada","wp-image-borders"],"amp_enabled":true,"_links":{"self":[{"href":"https:\/\/nvnoticias.mx\/index.php\/wp-json\/wp\/v2\/posts\/162221","targetHints":{"allow":["GET"]}}],"collection":[{"href":"https:\/\/nvnoticias.mx\/index.php\/wp-json\/wp\/v2\/posts"}],"about":[{"href":"https:\/\/nvnoticias.mx\/index.php\/wp-json\/wp\/v2\/types\/post"}],"author":[{"embeddable":true,"href":"https:\/\/nvnoticias.mx\/index.php\/wp-json\/wp\/v2\/users\/6"}],"replies":[{"embeddable":true,"href":"https:\/\/nvnoticias.mx\/index.php\/wp-json\/wp\/v2\/comments?post=162221"}],"version-history":[{"count":1,"href":"https:\/\/nvnoticias.mx\/index.php\/wp-json\/wp\/v2\/posts\/162221\/revisions"}],"predecessor-version":[{"id":162223,"href":"https:\/\/nvnoticias.mx\/index.php\/wp-json\/wp\/v2\/posts\/162221\/revisions\/162223"}],"wp:featuredmedia":[{"embeddable":true,"href":"https:\/\/nvnoticias.mx\/index.php\/wp-json\/wp\/v2\/media\/162222"}],"wp:attachment":[{"href":"https:\/\/nvnoticias.mx\/index.php\/wp-json\/wp\/v2\/media?parent=162221"}],"wp:term":[{"taxonomy":"category","embeddable":true,"href":"https:\/\/nvnoticias.mx\/index.php\/wp-json\/wp\/v2\/categories?post=162221"},{"taxonomy":"post_tag","embeddable":true,"href":"https:\/\/nvnoticias.mx\/index.php\/wp-json\/wp\/v2\/tags?post=162221"}],"curies":[{"name":"wp","href":"https:\/\/api.w.org\/{rel}","templated":true}]}}