{"id":16220,"date":"2021-06-15T08:58:19","date_gmt":"2021-06-15T13:58:19","guid":{"rendered":"https:\/\/nvnoticias.mx\/?p=16220"},"modified":"2021-06-15T08:58:21","modified_gmt":"2021-06-15T13:58:21","slug":"advierte-sobre-repunte-de-casos-covid-19-en-seis-estados","status":"publish","type":"post","link":"https:\/\/nvnoticias.mx\/index.php\/2021\/06\/15\/advierte-sobre-repunte-de-casos-covid-19-en-seis-estados\/","title":{"rendered":"Advierte L\u00f3pez-Gatell sobre repunte de casos covid-19 en seis estados"},"content":{"rendered":"\n<p>Hugo L\u00f3pez-Gatell, subsecretario de Prevenci\u00f3n y Promoci\u00f3n de la Salud, advirti\u00f3 sobre un repunte de casos de covid-19 en seis estados e inform\u00f3 que M\u00e9xico cumple 21 semanas con estabilidad de la pandemia por coronavirus.&nbsp;<\/p>\n\n\n\n<p>El funcionario detall\u00f3 que de las seis entidades, &#8220;en dos es un incremento muy sustancial&#8221; y son Quintana Roo y Yucat\u00e1n, donde &#8220;hay un aumento importante de casos&#8221;, mientras que las otras entidades son<strong> Baja California Sur, Campeche, Sinaloa y Veracruz.\u00a0<\/strong><\/p>\n\n\n\n<blockquote class=\"wp-block-quote is-layout-flow wp-block-quote-is-layout-flow\"><p>&#8220;Tuvimos una zona de incremento de 8 por ciento que se explica por seis entidades que tienen un incremento de casos, en dos de ellas con incremento sustancial: Quintana Roo y Yucat\u00e1n, con un incremento importante de casos, hicimos un llamado para que se reduzca donde se congrega la gente.\u00a0<\/p><\/blockquote>\n\n\n\n<blockquote class=\"wp-block-quote is-layout-flow wp-block-quote-is-layout-flow\"><p>&#8220;Est\u00e1n al alza Baja California Sur y con menor intensidad, Campeche, Sinaloa y Veracruz. En estas seis entidades hay colaboraci\u00f3n buena, respuesta inmediata como ha habido a lo largo de la epidemia en la medida que empiecen a tener reducci\u00f3n tambi\u00e9n el pa\u00eds&#8221;, dijo en conferencia de prensa.<\/p><\/blockquote>\n\n\n\n<p>L\u00f3pez-Gatell detall\u00f3 que en las entidades con incremento de casos de covid-19 ya hay una respuesta inmediata en colaboraci\u00f3n con los gobiernos locales principalmente en Quintana Roo y Yucat\u00e1n en donde la incidencia de la enfermedad es mayor.<\/p>\n\n\n\n<p>Fuente: <a href=\"https:\/\/www.milenio.com\/politica\/covid-19-repunte-de-casos-en-seis-estados-lopez-gatell\">Milenio<\/a><\/p>\n","protected":false},"excerpt":{"rendered":"<p>Hugo L\u00f3pez-Gatell, subsecretario de Prevenci\u00f3n y Promoci\u00f3n de la Salud, advirti\u00f3 sobre un repunte de casos de covid-19 en seis estados e inform\u00f3 que M\u00e9xico cumple 21 semanas con estabilidad de la pandemia por coronavirus.&nbsp; El funcionario detall\u00f3 que de las seis entidades, &#8220;en dos es un incremento muy sustancial&#8221; y son Quintana Roo y [&hellip;]<\/p>\n","protected":false},"author":6,"featured_media":16223,"comment_status":"open","ping_status":"open","sticky":false,"template":"","format":"standard","meta":{"_monsterinsights_skip_tracking":false,"_monsterinsights_sitenote_active":false,"_monsterinsights_sitenote_note":"","_monsterinsights_sitenote_category":0,"footnotes":""},"categories":[157],"tags":[2317,175,1010,162],"class_list":["post-16220","post","type-post","status-publish","format-standard","has-post-thumbnail","hentry","category-nacional","tag-casos","tag-covid-19","tag-hugo-lopez-gatell","tag-portada","wp-image-borders"],"amp_enabled":true,"_links":{"self":[{"href":"https:\/\/nvnoticias.mx\/index.php\/wp-json\/wp\/v2\/posts\/16220","targetHints":{"allow":["GET"]}}],"collection":[{"href":"https:\/\/nvnoticias.mx\/index.php\/wp-json\/wp\/v2\/posts"}],"about":[{"href":"https:\/\/nvnoticias.mx\/index.php\/wp-json\/wp\/v2\/types\/post"}],"author":[{"embeddable":true,"href":"https:\/\/nvnoticias.mx\/index.php\/wp-json\/wp\/v2\/users\/6"}],"replies":[{"embeddable":true,"href":"https:\/\/nvnoticias.mx\/index.php\/wp-json\/wp\/v2\/comments?post=16220"}],"version-history":[{"count":1,"href":"https:\/\/nvnoticias.mx\/index.php\/wp-json\/wp\/v2\/posts\/16220\/revisions"}],"predecessor-version":[{"id":16221,"href":"https:\/\/nvnoticias.mx\/index.php\/wp-json\/wp\/v2\/posts\/16220\/revisions\/16221"}],"wp:featuredmedia":[{"embeddable":true,"href":"https:\/\/nvnoticias.mx\/index.php\/wp-json\/wp\/v2\/media\/16223"}],"wp:attachment":[{"href":"https:\/\/nvnoticias.mx\/index.php\/wp-json\/wp\/v2\/media?parent=16220"}],"wp:term":[{"taxonomy":"category","embeddable":true,"href":"https:\/\/nvnoticias.mx\/index.php\/wp-json\/wp\/v2\/categories?post=16220"},{"taxonomy":"post_tag","embeddable":true,"href":"https:\/\/nvnoticias.mx\/index.php\/wp-json\/wp\/v2\/tags?post=16220"}],"curies":[{"name":"wp","href":"https:\/\/api.w.org\/{rel}","templated":true}]}}