{"id":16216,"date":"2021-06-15T08:48:35","date_gmt":"2021-06-15T13:48:35","guid":{"rendered":"https:\/\/nvnoticias.mx\/?p=16216"},"modified":"2021-06-15T08:48:37","modified_gmt":"2021-06-15T13:48:37","slug":"amlo-solicito-a-eu-otro-millon-de-vacunas","status":"publish","type":"post","link":"https:\/\/nvnoticias.mx\/index.php\/2021\/06\/15\/amlo-solicito-a-eu-otro-millon-de-vacunas\/","title":{"rendered":"AMLO solicit\u00f3 a EU otro mill\u00f3n de vacunas"},"content":{"rendered":"\n<p>El presidente de M\u00e9xico, Andr\u00e9s Manuel L\u00f3pez Obrador, agradeci\u00f3 a su hom\u00f3logo estadounidense, Joe Biden, por la donaci\u00f3n de 1.3 dosis de vacunas contra COVID-19 de Johnson &amp; Johnson, que se aplicar\u00e1n a las personas que viven en la frontera norte.<\/p>\n\n\n\n<p>L\u00f3pez Obrador tambi\u00e9n anunci\u00f3 que se est\u00e1 gestionando la adquisici\u00f3n de otro lote por la misma cantidad de vacunas del mismo laboratorio, para vacunar a la poblaci\u00f3n de los\u00a039 municipios de la franja norte de M\u00e9xico, a partir de los 18 a\u00f1os, con el prop\u00f3sito de abrir lo m\u00e1s pronto posible la frontera con Estados Unidos.<\/p>\n\n\n\n<blockquote class=\"wp-block-quote is-layout-flow wp-block-quote-is-layout-flow\"><p>&#8221; Como se los informamos, y aprovechamos tambi\u00e9n para darlo a conocer a todos los mexicanos, estas vacunas Johnson &amp; Johnson, que son de una sola dosis,\u00a0este mill\u00f3n 350 mil dosis, para un mill\u00f3n 350 mil personas, se van a aplicar en los municipios de la frontera.<\/p><\/blockquote>\n\n\n\n<figure class=\"wp-block-embed is-type-rich is-provider-gestor-del-servicio wp-block-embed-gestor-del-servicio wp-embed-aspect-4-3 wp-has-aspect-ratio\"><div class=\"wp-block-embed__wrapper\">\n<iframe loading=\"lazy\" title=\"Conferencia de prensa en vivo, desde Palacio Nacional. Martes 15 de junio 2021 | Presidente AMLO\" width=\"880\" height=\"660\" src=\"https:\/\/www.youtube.com\/embed\/CPtBFuYS5QU?feature=oembed\" frameborder=\"0\" allow=\"accelerometer; autoplay; clipboard-write; encrypted-media; gyroscope; picture-in-picture\" allowfullscreen><\/iframe>\n<\/div><\/figure>\n\n\n\n<p>Fuente: Infobae<\/p>\n","protected":false},"excerpt":{"rendered":"<p>Con el prop\u00f3sito de abrir lo m\u00e1s pronto posible la frontera con Estados Unidos.<\/p>\n","protected":false},"author":6,"featured_media":16218,"comment_status":"open","ping_status":"open","sticky":false,"template":"","format":"standard","meta":{"_monsterinsights_skip_tracking":false,"_monsterinsights_sitenote_active":false,"_monsterinsights_sitenote_note":"","_monsterinsights_sitenote_category":0,"footnotes":""},"categories":[157],"tags":[188,175,183,162,217],"class_list":["post-16216","post","type-post","status-publish","format-standard","has-post-thumbnail","hentry","category-nacional","tag-amlo","tag-covid-19","tag-estados-unidos","tag-portada","tag-vacuna","wp-image-borders"],"amp_enabled":true,"_links":{"self":[{"href":"https:\/\/nvnoticias.mx\/index.php\/wp-json\/wp\/v2\/posts\/16216","targetHints":{"allow":["GET"]}}],"collection":[{"href":"https:\/\/nvnoticias.mx\/index.php\/wp-json\/wp\/v2\/posts"}],"about":[{"href":"https:\/\/nvnoticias.mx\/index.php\/wp-json\/wp\/v2\/types\/post"}],"author":[{"embeddable":true,"href":"https:\/\/nvnoticias.mx\/index.php\/wp-json\/wp\/v2\/users\/6"}],"replies":[{"embeddable":true,"href":"https:\/\/nvnoticias.mx\/index.php\/wp-json\/wp\/v2\/comments?post=16216"}],"version-history":[{"count":1,"href":"https:\/\/nvnoticias.mx\/index.php\/wp-json\/wp\/v2\/posts\/16216\/revisions"}],"predecessor-version":[{"id":16219,"href":"https:\/\/nvnoticias.mx\/index.php\/wp-json\/wp\/v2\/posts\/16216\/revisions\/16219"}],"wp:featuredmedia":[{"embeddable":true,"href":"https:\/\/nvnoticias.mx\/index.php\/wp-json\/wp\/v2\/media\/16218"}],"wp:attachment":[{"href":"https:\/\/nvnoticias.mx\/index.php\/wp-json\/wp\/v2\/media?parent=16216"}],"wp:term":[{"taxonomy":"category","embeddable":true,"href":"https:\/\/nvnoticias.mx\/index.php\/wp-json\/wp\/v2\/categories?post=16216"},{"taxonomy":"post_tag","embeddable":true,"href":"https:\/\/nvnoticias.mx\/index.php\/wp-json\/wp\/v2\/tags?post=16216"}],"curies":[{"name":"wp","href":"https:\/\/api.w.org\/{rel}","templated":true}]}}