{"id":162119,"date":"2024-10-11T15:19:30","date_gmt":"2024-10-11T21:19:30","guid":{"rendered":"https:\/\/nvnoticias.mx\/?p=162119"},"modified":"2024-10-11T15:19:31","modified_gmt":"2024-10-11T21:19:31","slug":"ebrard-se-reune-con-cupula-empresarial-para-hablar-de-inversiones-y-mesas-de-trabajo","status":"publish","type":"post","link":"https:\/\/nvnoticias.mx\/index.php\/2024\/10\/11\/ebrard-se-reune-con-cupula-empresarial-para-hablar-de-inversiones-y-mesas-de-trabajo\/","title":{"rendered":"Ebrard se re\u00fane con c\u00fapula empresarial para hablar de inversiones y mesas de trabajo"},"content":{"rendered":"\n<p>A m\u00e1s de una semana de que tom\u00f3 protesta como\u00a0<strong>secretario de Econom\u00eda<\/strong>,\u00a0<strong>Marcelo Ebrard<\/strong>, tuvo un encuentro con representantes de la\u00a0<strong>m\u00e1xima c\u00fapula empresarial<\/strong>, que se agrupa en el\u00a0<strong>Consejo Coordinador Empresarial (CCE)<\/strong>, con quienes habl\u00f3 sobre el entorno de <strong>inversiones<\/strong>, la econom\u00eda, la competitividad y las mesas que se conformar\u00e1n para abordar diversos temas.<\/p>\n\n\n\n<p>En un mensaje que dio a conocer el CCE, en su red social X, dijo que en el encuentro \u201cse abordaron\u00a0<strong>temas clave<\/strong>\u00a0para el sector empresarial y la\u00a0<strong>econom\u00eda nacional<\/strong>, como la promoci\u00f3n de la inversi\u00f3n, el fomento de la competitividad y el impulso a la innovaci\u00f3n&#8230;\u201d.<\/p>\n\n\n\n<p>Seg\u00fan lo dijo Ebrard antes de tomar posesi\u00f3n en el cargo se conformar\u00edan esquemas de trabajo conjunto entre empresarios y el gobierno federal para tratar temas en materia econ\u00f3mica.<\/p>\n\n\n\n<p>Tema que abordaron de acuerdo con el CCE que asegur\u00f3 que en el encuentro tambi\u00e9n se trat\u00f3 \u201cel establecimiento de distintas mesas de trabajo con los temas de coyuntura que permitir\u00e1n el fortalecimiento de la relaci\u00f3n entre el<strong>&nbsp;sector p\u00fablico<\/strong>&nbsp;y&nbsp;<strong>privado<\/strong>\u201d.<\/p>\n\n\n\n<p>De acuerdo con este organismo empresarial \u201cel\u00a0<strong>di\u00e1logo<\/strong>\u00a0y la\u00a0<strong>colaboraci\u00f3n<\/strong>\u00a0son un pilar importante para impulsar el crecimiento econ\u00f3mico y el desarrollo del pa\u00eds\u201d.<\/p>\n\n\n\n<p>Fuente: <a href=\"https:\/\/www.eluniversal.com.mx\/cartera\/ebrard-se-reune-con-cupula-empresarial-para-hablar-de-inversiones-y-mesas-de-trabajo-el-dialogo-y-la-colaboracion-son-un-pilar-para-el-crecimiento-economico\/\"> El Universal<\/a><\/p>\n","protected":false},"excerpt":{"rendered":"<p>A m\u00e1s de una semana de que tom\u00f3 protesta como\u00a0secretario de Econom\u00eda,\u00a0Marcelo Ebrard, tuvo un encuentro con representantes de la\u00a0m\u00e1xima c\u00fapula empresarial, que se agrupa en el\u00a0Consejo Coordinador Empresarial (CCE), con quienes habl\u00f3 sobre el entorno de inversiones, la econom\u00eda, la competitividad y las mesas que se conformar\u00e1n para abordar diversos temas. En un mensaje [&hellip;]<\/p>\n","protected":false},"author":35,"featured_media":162120,"comment_status":"open","ping_status":"open","sticky":false,"template":"","format":"standard","meta":{"_monsterinsights_skip_tracking":false,"_monsterinsights_sitenote_active":false,"_monsterinsights_sitenote_note":"","_monsterinsights_sitenote_category":0,"footnotes":""},"categories":[158],"tags":[391],"class_list":["post-162119","post","type-post","status-publish","format-standard","has-post-thumbnail","hentry","category-politica","tag-marcelo-ebrard","wp-image-borders"],"amp_enabled":true,"_links":{"self":[{"href":"https:\/\/nvnoticias.mx\/index.php\/wp-json\/wp\/v2\/posts\/162119","targetHints":{"allow":["GET"]}}],"collection":[{"href":"https:\/\/nvnoticias.mx\/index.php\/wp-json\/wp\/v2\/posts"}],"about":[{"href":"https:\/\/nvnoticias.mx\/index.php\/wp-json\/wp\/v2\/types\/post"}],"author":[{"embeddable":true,"href":"https:\/\/nvnoticias.mx\/index.php\/wp-json\/wp\/v2\/users\/35"}],"replies":[{"embeddable":true,"href":"https:\/\/nvnoticias.mx\/index.php\/wp-json\/wp\/v2\/comments?post=162119"}],"version-history":[{"count":1,"href":"https:\/\/nvnoticias.mx\/index.php\/wp-json\/wp\/v2\/posts\/162119\/revisions"}],"predecessor-version":[{"id":162121,"href":"https:\/\/nvnoticias.mx\/index.php\/wp-json\/wp\/v2\/posts\/162119\/revisions\/162121"}],"wp:featuredmedia":[{"embeddable":true,"href":"https:\/\/nvnoticias.mx\/index.php\/wp-json\/wp\/v2\/media\/162120"}],"wp:attachment":[{"href":"https:\/\/nvnoticias.mx\/index.php\/wp-json\/wp\/v2\/media?parent=162119"}],"wp:term":[{"taxonomy":"category","embeddable":true,"href":"https:\/\/nvnoticias.mx\/index.php\/wp-json\/wp\/v2\/categories?post=162119"},{"taxonomy":"post_tag","embeddable":true,"href":"https:\/\/nvnoticias.mx\/index.php\/wp-json\/wp\/v2\/tags?post=162119"}],"curies":[{"name":"wp","href":"https:\/\/api.w.org\/{rel}","templated":true}]}}