{"id":162027,"date":"2024-10-10T12:01:55","date_gmt":"2024-10-10T18:01:55","guid":{"rendered":"https:\/\/nvnoticias.mx\/?p=162027"},"modified":"2024-10-10T12:02:54","modified_gmt":"2024-10-10T18:02:54","slug":"anabel-hernandez-reacciona-a-la-estrategia-de-seguridad-de-claudia-sheinbaum","status":"publish","type":"post","link":"https:\/\/nvnoticias.mx\/index.php\/2024\/10\/10\/anabel-hernandez-reacciona-a-la-estrategia-de-seguridad-de-claudia-sheinbaum\/","title":{"rendered":"Anabel Hern\u00e1ndez reacciona a la estrategia de seguridad de Claudia Sheinbaum"},"content":{"rendered":"\n<p>El pasado 8 de octubre, la presidenta\u00a0<strong>Claudia Sheinbaum Pardo<\/strong>\u00a0present\u00f3 la\u00a0<strong>Estrategia Nacional de Seguridad<\/strong>\u00a0que se implementar\u00e1 durante su sexenio para disminuir los delitos y erradicar la violencia. Sin embargo, su plan no ha sido bien recibido por gran parte de la poblaci\u00f3n mexicana, entre quienes destacan figuras p\u00fablicas como la periodista\u00a0<strong>Anabel Hern\u00e1ndez<\/strong>.<\/p>\n\n\n\n<p>De acuerdo con la informaci\u00f3n revelada por el titular de la Secretar\u00eda de Seguridad y Protecci\u00f3n Ciudadana (SSPC),&nbsp;<strong>Omar Garc\u00eda Harfuch<\/strong>, la nueva administraci\u00f3n buscar\u00e1 combatir la delincuencia a trav\u00e9s de cuatro ejes:<\/p>\n\n\n\n<ol class=\"wp-block-list\">\n<li>Atenci\u00f3n a las causas.<\/li>\n\n\n\n<li>Consolidaci\u00f3n de la Guardia Nacional (GN).<\/li>\n\n\n\n<li>Fortalecimiento de inteligencia e investigaci\u00f3n.<\/li>\n\n\n\n<li>Coordinaci\u00f3n absoluta del gabinete de seguridad y las entidades federativas.<\/li>\n<\/ol>\n\n\n\n<p><\/p>\n\n\n\n<p>Adicionalmente, la mandataria mexicana advirti\u00f3 que, durante su gobierno, no regresar\u00e1 la\u00a0<strong>guerra contra el narcotr\u00e1fico<\/strong>.<\/p>\n\n\n\n<p>\u201cNo buscamos ejecuciones extrajudiciales, que era lo que ocurr\u00eda. \u00bfQu\u00e9 vamos a usar? prevenci\u00f3n, atenci\u00f3n a las causas, inteligencia y presencia en esta estrategia de cuatro ejes\u201d, reiter\u00f3.<\/p>\n\n\n\n<p>Dos d\u00edas despu\u00e9s, a trav\u00e9s de su podcast\u00a0<em><strong>Narcosistema<\/strong><\/em>, la autora del libro<em>\u00a0La historia secreta: AMLO y el C\u00e1rtel de Sinaloa\u00a0<\/em>se\u00f1al\u00f3 que se trata de una<strong>\u00a0\u201ccalca\u201d<\/strong>\u00a0de la estrategia de seguridad del expresidente Andr\u00e9s Manuel L\u00f3pez Obrador: la de\u00a0<strong>\u201cabrazos y no balazos\u201d<\/strong>.<\/p>\n","protected":false},"excerpt":{"rendered":"<p>El pasado 8 de octubre, la presidenta\u00a0Claudia Sheinbaum Pardo\u00a0present\u00f3 la\u00a0Estrategia Nacional de Seguridad\u00a0que se implementar\u00e1 durante su sexenio para disminuir los delitos y erradicar la violencia. Sin embargo, su plan no ha sido bien recibido por gran parte de la poblaci\u00f3n mexicana, entre quienes destacan figuras p\u00fablicas como la periodista\u00a0Anabel Hern\u00e1ndez. De acuerdo con la [&hellip;]<\/p>\n","protected":false},"author":35,"featured_media":162028,"comment_status":"open","ping_status":"open","sticky":false,"template":"","format":"standard","meta":{"_monsterinsights_skip_tracking":false,"_monsterinsights_sitenote_active":false,"_monsterinsights_sitenote_note":"","_monsterinsights_sitenote_category":0,"footnotes":""},"categories":[158],"tags":[29491,2801,9491],"class_list":["post-162027","post","type-post","status-publish","format-standard","has-post-thumbnail","hentry","category-politica","tag-anabel-hernandez","tag-claudia-sheinbaum","tag-reacciona","wp-image-borders"],"amp_enabled":true,"_links":{"self":[{"href":"https:\/\/nvnoticias.mx\/index.php\/wp-json\/wp\/v2\/posts\/162027","targetHints":{"allow":["GET"]}}],"collection":[{"href":"https:\/\/nvnoticias.mx\/index.php\/wp-json\/wp\/v2\/posts"}],"about":[{"href":"https:\/\/nvnoticias.mx\/index.php\/wp-json\/wp\/v2\/types\/post"}],"author":[{"embeddable":true,"href":"https:\/\/nvnoticias.mx\/index.php\/wp-json\/wp\/v2\/users\/35"}],"replies":[{"embeddable":true,"href":"https:\/\/nvnoticias.mx\/index.php\/wp-json\/wp\/v2\/comments?post=162027"}],"version-history":[{"count":1,"href":"https:\/\/nvnoticias.mx\/index.php\/wp-json\/wp\/v2\/posts\/162027\/revisions"}],"predecessor-version":[{"id":162029,"href":"https:\/\/nvnoticias.mx\/index.php\/wp-json\/wp\/v2\/posts\/162027\/revisions\/162029"}],"wp:featuredmedia":[{"embeddable":true,"href":"https:\/\/nvnoticias.mx\/index.php\/wp-json\/wp\/v2\/media\/162028"}],"wp:attachment":[{"href":"https:\/\/nvnoticias.mx\/index.php\/wp-json\/wp\/v2\/media?parent=162027"}],"wp:term":[{"taxonomy":"category","embeddable":true,"href":"https:\/\/nvnoticias.mx\/index.php\/wp-json\/wp\/v2\/categories?post=162027"},{"taxonomy":"post_tag","embeddable":true,"href":"https:\/\/nvnoticias.mx\/index.php\/wp-json\/wp\/v2\/tags?post=162027"}],"curies":[{"name":"wp","href":"https:\/\/api.w.org\/{rel}","templated":true}]}}