{"id":161993,"date":"2024-10-09T18:14:33","date_gmt":"2024-10-10T00:14:33","guid":{"rendered":"https:\/\/nvnoticias.mx\/?p=161993"},"modified":"2024-10-09T18:14:35","modified_gmt":"2024-10-10T00:14:35","slug":"cmic-confia-que-el-gobierno-federal-invierta-en-mantenimiento-carretero-en-2025","status":"publish","type":"post","link":"https:\/\/nvnoticias.mx\/index.php\/2024\/10\/09\/cmic-confia-que-el-gobierno-federal-invierta-en-mantenimiento-carretero-en-2025\/","title":{"rendered":"CMIC conf\u00eda que el Gobierno Federal invierta en mantenimiento carretero en 2025"},"content":{"rendered":"\n<p><\/p>\n\n\n\n<p><strong>Jes\u00fas Utrilla \/ NV Noticias<\/strong><\/p>\n\n\n\n<p>La C\u00e1mara Mexicana de la Industria de la Construcci\u00f3n (CMIC) en Veracruz pidi\u00f3  al gobierno federal que asigne recursos para el mantenimiento de carreteras en el presupuesto 2025, despu\u00e9s de que la administraci\u00f3n anterior cancelara 11 mil millones de pesos destinados para el Programa Nacional de Conservaci\u00f3n de Carreteras 2024.<\/p>\n\n\n\n<p>Jos\u00e9 Mar\u00eda Levet, vicepresidente de la CMIC en Veracruz, destac\u00f3 la necesidad de un presupuesto anual de aproximadamente 4 mil millones de pesos para mantener y conservar la red de carreteras federales.<\/p>\n\n\n\n<p>Las fuertes lluvias recientes han empeorado el estado de las carreteras, que presentan baches y hoyancos. <\/p>\n\n\n\n<p>Sin embargo, Levet precis\u00f3 que esto no se debe a una construcci\u00f3n deficiente, sino a la falta de mantenimiento.<\/p>\n\n\n\n<p>&#8220;La SICT est\u00e1 cuidando mucho la calidad de las obras, pero son carreteras viejas y tenemos mucho tramo carretero en el estado&#8221;.<\/p>\n\n\n\n<p>La CMIC busca que se garantice la infraestructura carretera en Veracruz y M\u00e9xico, y conf\u00eda en que el gobierno federal apueste por el mantenimiento en 2025.<\/p>\n","protected":false},"excerpt":{"rendered":"<p>Jes\u00fas Utrilla \/ NV Noticias La C\u00e1mara Mexicana de la Industria de la Construcci\u00f3n (CMIC) en Veracruz pidi\u00f3 al gobierno federal que asigne recursos para el mantenimiento de carreteras en el presupuesto 2025, despu\u00e9s de que la administraci\u00f3n anterior cancelara 11 mil millones de pesos destinados para el Programa Nacional de Conservaci\u00f3n de Carreteras 2024. [&hellip;]<\/p>\n","protected":false},"author":8,"featured_media":161994,"comment_status":"open","ping_status":"open","sticky":false,"template":"","format":"standard","meta":{"_monsterinsights_skip_tracking":false,"_monsterinsights_sitenote_active":false,"_monsterinsights_sitenote_note":"","_monsterinsights_sitenote_category":0,"footnotes":""},"categories":[154],"tags":[840,18811,254],"class_list":["post-161993","post","type-post","status-publish","format-standard","has-post-thumbnail","hentry","category-veracruz","tag-carreteras","tag-cmic-veracruz-puerto","tag-inversion","wp-image-borders"],"amp_enabled":true,"_links":{"self":[{"href":"https:\/\/nvnoticias.mx\/index.php\/wp-json\/wp\/v2\/posts\/161993","targetHints":{"allow":["GET"]}}],"collection":[{"href":"https:\/\/nvnoticias.mx\/index.php\/wp-json\/wp\/v2\/posts"}],"about":[{"href":"https:\/\/nvnoticias.mx\/index.php\/wp-json\/wp\/v2\/types\/post"}],"author":[{"embeddable":true,"href":"https:\/\/nvnoticias.mx\/index.php\/wp-json\/wp\/v2\/users\/8"}],"replies":[{"embeddable":true,"href":"https:\/\/nvnoticias.mx\/index.php\/wp-json\/wp\/v2\/comments?post=161993"}],"version-history":[{"count":1,"href":"https:\/\/nvnoticias.mx\/index.php\/wp-json\/wp\/v2\/posts\/161993\/revisions"}],"predecessor-version":[{"id":161995,"href":"https:\/\/nvnoticias.mx\/index.php\/wp-json\/wp\/v2\/posts\/161993\/revisions\/161995"}],"wp:featuredmedia":[{"embeddable":true,"href":"https:\/\/nvnoticias.mx\/index.php\/wp-json\/wp\/v2\/media\/161994"}],"wp:attachment":[{"href":"https:\/\/nvnoticias.mx\/index.php\/wp-json\/wp\/v2\/media?parent=161993"}],"wp:term":[{"taxonomy":"category","embeddable":true,"href":"https:\/\/nvnoticias.mx\/index.php\/wp-json\/wp\/v2\/categories?post=161993"},{"taxonomy":"post_tag","embeddable":true,"href":"https:\/\/nvnoticias.mx\/index.php\/wp-json\/wp\/v2\/tags?post=161993"}],"curies":[{"name":"wp","href":"https:\/\/api.w.org\/{rel}","templated":true}]}}