{"id":161920,"date":"2024-10-08T21:07:20","date_gmt":"2024-10-09T03:07:20","guid":{"rendered":"https:\/\/nvnoticias.mx\/?p=161920"},"modified":"2024-10-08T21:07:22","modified_gmt":"2024-10-09T03:07:22","slug":"el-restablecimiento-del-dialogo-entre-la-scjn-y-el-senado-una-senal-de-civilidad-democratica","status":"publish","type":"post","link":"https:\/\/nvnoticias.mx\/index.php\/2024\/10\/08\/el-restablecimiento-del-dialogo-entre-la-scjn-y-el-senado-una-senal-de-civilidad-democratica\/","title":{"rendered":"El restablecimiento del di\u00e1logo entre la SCJN y el Senado: Una se\u00f1al de civilidad democr\u00e1tica"},"content":{"rendered":"\n<p><\/p>\n\n\n\n<p><strong>Mois\u00e9s Hern\u00e1ndez Yoldi<\/strong><\/p>\n\n\n\n<p>La reciente visita de la ministra Norma Pi\u00f1a, presidenta de la Suprema Corte de Justicia de la Naci\u00f3n (SCJN), al Senado de la Rep\u00fablica, marca un momento crucial en las relaciones entre el Poder Judicial y el Legislativo.<\/p>\n\n\n\n<p>Despu\u00e9s de semanas de tensi\u00f3n derivadas de la aprobaci\u00f3n de la reforma judicial, este encuentro, presidido por el senador Gerardo Fern\u00e1ndez Noro\u00f1a, ha sido una clara se\u00f1al del restablecimiento del di\u00e1logo entre poderes.<\/p>\n\n\n\n<p>Un contexto de tensiones<\/p>\n\n\n\n<p>La aprobaci\u00f3n de la reforma al Poder Judicial ha generado fricciones notables. Para algunos sectores, la reforma representa un intento por limitar la independencia judicial, mientras que para otros, es una medida necesaria para hacer m\u00e1s eficientes los procesos legales y mejorar la justicia en el pa\u00eds.<\/p>\n\n\n\n<p>En ese contexto, la reuni\u00f3n entre la ministra Pi\u00f1a y Fern\u00e1ndez Noro\u00f1a cobra especial relevancia, ya que se convierte en un espacio para limar asperezas y tender puentes entre instituciones que, aunque aut\u00f3nomas, deben colaborar para garantizar la funcionalidad de la democracia.<\/p>\n\n\n\n<p>El senador Fern\u00e1ndez Noro\u00f1a celebr\u00f3 abiertamente este restablecimiento del di\u00e1logo, destacando que el acuerdo de mantener una comunicaci\u00f3n constante entre los poderes de la Uni\u00f3n en torno a la reforma judicial es fundamental para la vida democr\u00e1tica del pa\u00eds.<\/p>\n\n\n\n<p>Este encuentro simboliza un primer paso hacia la superaci\u00f3n de diferencias, demostrando que, m\u00e1s all\u00e1 de las tensiones pol\u00edticas, el di\u00e1logo es el principal canal para encontrar consensos.<\/p>\n\n\n\n<p>El valor del di\u00e1logo en la democracia<\/p>\n\n\n\n<p>En una democracia, la pol\u00edtica y la construcci\u00f3n de acuerdos solo son posibles a trav\u00e9s de la voluntad de dialogar y escuchar a las diferentes partes.<\/p>\n\n\n\n<p>La visita de la ministra Pi\u00f1a no solo refleja un gesto de civilidad, sino que subraya la importancia de que los poderes del Estado mantengan una relaci\u00f3n respetuosa y colaborativa, incluso cuando existan diferencias de fondo.<\/p>\n\n\n\n<p>En este sentido, los valores de respeto y tolerancia son esenciales para garantizar la estabilidad institucional y la paz social.<\/p>\n\n\n\n<p>El di\u00e1logo, sin embargo, no implica la ausencia de cr\u00edticas o disidencias. Lo fundamental es que, a pesar de los desacuerdos, se reconozca la legitimidad de cada una de las partes en la b\u00fasqueda de soluciones para el bienestar del pa\u00eds.<\/p>\n\n\n\n<p>En este sentido, el acuerdo alcanzado entre la SCJN y el Senado constituye un ejemplo de c\u00f3mo las instituciones democr\u00e1ticas deben actuar: con civilidad, respeto y voluntad para encontrar puntos en com\u00fan.<\/p>\n\n\n\n<p>Construcci\u00f3n de acuerdos: El coraz\u00f3n de la pol\u00edtica<\/p>\n\n\n\n<p>El hecho de que la ministra Pi\u00f1a y el senador Fern\u00e1ndez Noro\u00f1a acordaran mantener el di\u00e1logo abre la puerta a la construcci\u00f3n de acuerdos que beneficien al pa\u00eds. La pol\u00edtica, al final del d\u00eda, es el arte de negociar y lograr consensos.<\/p>\n\n\n\n<p>Si bien las diferencias entre los poderes son inevitables, es indispensable que estas diferencias se procesen a trav\u00e9s de los cauces institucionales, respetando la independencia y el rol de cada uno.<\/p>\n\n\n\n<p>Este encuentro representa un alivio para quienes tem\u00edan que la relaci\u00f3n entre el Poder Judicial y el Legislativo se tornara irreconciliable. Si bien el reto ser\u00e1 mantener este di\u00e1logo abierto y productivo, lo cierto es que este primer paso sienta un precedente positivo en una coyuntura donde el pa\u00eds necesita unidad m\u00e1s que divisiones.<\/p>\n\n\n\n<p>La reuni\u00f3n entre la ministra Norma Pi\u00f1a y Gerardo Fern\u00e1ndez Noro\u00f1a no solo simboliza el restablecimiento del di\u00e1logo entre los poderes, sino tambi\u00e9n la reafirmaci\u00f3n de que en una democracia, las diferencias se resuelven hablando.<\/p>\n\n\n\n<p>El respeto mutuo, la tolerancia y la capacidad de escucha son fundamentales para garantizar que las instituciones funcionen de manera arm\u00f3nica, protegiendo los derechos y libertades de todos los ciudadanos.<\/p>\n\n\n\n<p>En un escenario donde las reformas y los cambios son inevitables, es alentador ver que el Poder Judicial y el Senado han decidido optar por el camino del di\u00e1logo.<\/p>\n\n\n\n<p>Solo a trav\u00e9s de la voluntad para conversar, negociar y construir acuerdos ser\u00e1 posible avanzar en la consolidaci\u00f3n de una democracia madura y s\u00f3lida.<\/p>\n","protected":false},"excerpt":{"rendered":"<p>Mois\u00e9s Hern\u00e1ndez Yoldi La reciente visita de la ministra Norma Pi\u00f1a, presidenta de la Suprema Corte de Justicia de la Naci\u00f3n (SCJN), al Senado de la Rep\u00fablica, marca un momento crucial en las relaciones entre el Poder Judicial y el Legislativo. Despu\u00e9s de semanas de tensi\u00f3n derivadas de la aprobaci\u00f3n de la reforma judicial, este [&hellip;]<\/p>\n","protected":false},"author":11,"featured_media":161921,"comment_status":"open","ping_status":"open","sticky":false,"template":"","format":"standard","meta":{"_monsterinsights_skip_tracking":false,"_monsterinsights_sitenote_active":false,"_monsterinsights_sitenote_note":"","_monsterinsights_sitenote_category":0,"footnotes":""},"categories":[429],"tags":[430],"class_list":["post-161920","post","type-post","status-publish","format-standard","has-post-thumbnail","hentry","category-artillero","tag-moises-hernandez-yoldi","wp-image-borders"],"amp_enabled":true,"_links":{"self":[{"href":"https:\/\/nvnoticias.mx\/index.php\/wp-json\/wp\/v2\/posts\/161920","targetHints":{"allow":["GET"]}}],"collection":[{"href":"https:\/\/nvnoticias.mx\/index.php\/wp-json\/wp\/v2\/posts"}],"about":[{"href":"https:\/\/nvnoticias.mx\/index.php\/wp-json\/wp\/v2\/types\/post"}],"author":[{"embeddable":true,"href":"https:\/\/nvnoticias.mx\/index.php\/wp-json\/wp\/v2\/users\/11"}],"replies":[{"embeddable":true,"href":"https:\/\/nvnoticias.mx\/index.php\/wp-json\/wp\/v2\/comments?post=161920"}],"version-history":[{"count":1,"href":"https:\/\/nvnoticias.mx\/index.php\/wp-json\/wp\/v2\/posts\/161920\/revisions"}],"predecessor-version":[{"id":161922,"href":"https:\/\/nvnoticias.mx\/index.php\/wp-json\/wp\/v2\/posts\/161920\/revisions\/161922"}],"wp:featuredmedia":[{"embeddable":true,"href":"https:\/\/nvnoticias.mx\/index.php\/wp-json\/wp\/v2\/media\/161921"}],"wp:attachment":[{"href":"https:\/\/nvnoticias.mx\/index.php\/wp-json\/wp\/v2\/media?parent=161920"}],"wp:term":[{"taxonomy":"category","embeddable":true,"href":"https:\/\/nvnoticias.mx\/index.php\/wp-json\/wp\/v2\/categories?post=161920"},{"taxonomy":"post_tag","embeddable":true,"href":"https:\/\/nvnoticias.mx\/index.php\/wp-json\/wp\/v2\/tags?post=161920"}],"curies":[{"name":"wp","href":"https:\/\/api.w.org\/{rel}","templated":true}]}}