{"id":161791,"date":"2024-10-07T11:04:09","date_gmt":"2024-10-07T17:04:09","guid":{"rendered":"https:\/\/nvnoticias.mx\/?p=161791"},"modified":"2024-10-07T11:04:10","modified_gmt":"2024-10-07T17:04:10","slug":"los-primeros-siete-dias-de-claudia-sheinbaum","status":"publish","type":"post","link":"https:\/\/nvnoticias.mx\/index.php\/2024\/10\/07\/los-primeros-siete-dias-de-claudia-sheinbaum\/","title":{"rendered":"Los primeros siete dias de Claudia Sheinbaum"},"content":{"rendered":"\n<p><\/p>\n\n\n\n<p><strong>Edgard Gonz\u00e1lez Su\u00e1rez<\/strong><\/p>\n\n\n\n<p>La presidenta Claudia Sheinbaum y sus primeros 7 d\u00edas al frente del Gobierno Federal nos dejan ver algunas cosas que pueden intrascendentes o tambi\u00e9n significativas para los pr\u00f3ximos 6 a\u00f1os de gobierno de la 4T.<\/p>\n\n\n\n<ol class=\"wp-block-list\">\n<li>La primera de ellas sin duda fue el discurso pronunciado en la toma de protesta, un discurso contundente, directo, nada ambiguo, que reivindic\u00f3 el legado de AMLO, deline\u00f3 la ruta a seguir en el ejercicio de gobierno, coloc\u00f3 en el centro del discurso a la mujer, y el simbolismo mismo de la llegada a la m\u00e1xima magistratura de una mujer.<\/li>\n\n\n\n<li>Un segundo componente sin duda qued\u00f3 plasmado ese d\u00eda con la sesi\u00f3n solemne, el traspaso de la banda presidencial sin contratiempos, sin jaloneos dentro del recinto y dejando ver un evento pol\u00edtico democr\u00e1tico y republicano.<\/li>\n\n\n\n<li>El tercer paso de ese d\u00eda fue sin duda la concentraci\u00f3n popular en el z\u00f3calo, y la entrega del bast\u00f3n de mando de cientos de comunidades ind\u00edgenas a trav\u00e9s de sus m\u00e1s representativas mujeres.<\/li>\n<\/ol>\n\n\n\n<p>Estos tres primeros pasos fueron impecables, como fueron previstos, sin mayores regateos. Un discurso aplomado, con un estilo y fraseo mu diferente al que nos acostumbr\u00f3 L\u00f3pez Obrador. Una sesi\u00f3n que fluy\u00f3 sin mayores contratiempos, y una oposici\u00f3n que valor\u00f3 en que condici\u00f3n pol\u00edtica quedar\u00eda frente al mundo, si hacia sus reclamos tradicionales, y se contrastaba con los m\u00e1s de 20 millones de votos diferencia entre la presidenta ganadora y su m\u00e1s cercana competidora.<\/p>\n\n\n\n<ul class=\"wp-block-list\">\n<li>El cuarto componente, y este s\u00ed tiene que ver con la visi\u00f3n estrat\u00e9gica del naciente gobierno, es la aparici\u00f3n de la presidenta en su primera ma\u00f1anera del pueblo. Ah\u00ed, tratando de hacer frente a los cuestionamientos de los reporteros, Claudia Sheinbaum hizo cambios significativos, como la imagen y logo del nuevo sexenio, los reporteros invitados o filtrados para centrarse m\u00e1s en preguntas concretas y b\u00fasqueda de datos, el rol de preguntas y los tiempos de intervenci\u00f3n de cada uno de los reporteros.<\/li>\n\n\n\n<li>Un quinto paso fue sin duda, su visita al puerto de Acapulco para observar in situ el desastre ocasionado por el hurac\u00e1n \u201cJohn\u201d, supervisar y dar las primeras instrucciones para atender a los damnificados. Aunque fue una visita breve, ten\u00eda en aquella localidad a buena parte del Gabinete a quienes involucr\u00f3 y comprometi\u00f3 a atender y resolver los problemas de aquella zona del pa\u00eds.<\/li>\n\n\n\n<li>Pudimos detectar un sexto paso, y este fue sin duda su primera diferencia con los poderes medi\u00e1ticos que se sumaron a la presi\u00f3n ejercida a su gobierno, cuando los medios de comunicaci\u00f3n cuestionaban por que no se estaba atendiendo el conflicto en Sinaloa -todav\u00eda dejando impl\u00edcita la idea de que hab\u00eda un pacto con los criminales sinaloenses o que era incapaz de enfrentar esa situaci\u00f3n-.<\/li>\n<\/ul>\n\n\n\n<p>En estos tres pasos, pudimos observar a una Claudia Sheinbaum un tanto falta de reflejos para el \u201cbending\u201d pol\u00edtico, suponemos que se ira ejercitando poco a poco, ante preguntas incomodas o se\u00f1alamientos directos, como aquella sobre el beso en la mano a un hombre correligionario de ella el d\u00eda de la toma de protesta. Muy segura, y con un discurso ya hecho sobre el 2 de octubre, el perd\u00f3n del estado mexicano por la matanza aquella, y aprendiendo a decir y no decir para no meterse en torbellinos medi\u00e1ticos, a los que tambi\u00e9n nos acostumbr\u00f3 el expresidente L\u00f3pez Obrador.<\/p>\n\n\n\n<p>En las ma\u00f1aneras del pueblo, insistimos, se nota la cautela y la b\u00fasqueda de piso seco y firme para abordar las preguntas planteadas.<\/p>\n\n\n\n<p>Muy segura y con don de mando administrativo en el caso de Acapulco, empezando a tocar los dispositivos administrativos y pol\u00edticos de su cargo, que hasta ahora parece va tiendo un mejor control.<\/p>\n\n\n\n<p>Y. en tercer lugar, me parece que parte del fin de semana de estos primeros d\u00edas de gobierno, se lo llevo la nueva ofensiva de los medios de comunicaci\u00f3n sobre la seguridad y la reforma judicial. Todo parec\u00eda una verdadera provocaci\u00f3n montada por los poderes facticos para hacerla caer en un error. Me parece que tiene raz\u00f3n cuando ella dice que quieren un golpe autoritario, para iniciar una ofensiva en su contra y buscar fisuras dentro de la coalici\u00f3n de gobierno. Y ah\u00ed me parece que el equipo compacto se sum\u00f3 y cohesion\u00f3 para advertir al poder judicial que no se caer\u00eda en sus provocaciones y que la reforma judicial se llevar\u00e1 a cabo, le guste a quien le guste.<\/p>\n\n\n\n<p>Semana no tan intensa, pero si de provocaciones a la nueva presidenta para intentar desde los primeros d\u00edas hacerla fracasar o por lo menos hacerla ver mal frente a sus adversarios, pero sobre todo frente a sus correligionarios para seguir intentando romper el bloque de gobierno.<\/p>\n\n\n\n<p>Como hemos dicho aqu\u00ed, la derecha no descansa.<\/p>\n","protected":false},"excerpt":{"rendered":"<p>Edgard Gonz\u00e1lez Su\u00e1rez La presidenta Claudia Sheinbaum y sus primeros 7 d\u00edas al frente del Gobierno Federal nos dejan ver algunas cosas que pueden intrascendentes o tambi\u00e9n significativas para los pr\u00f3ximos 6 a\u00f1os de gobierno de la 4T. Estos tres primeros pasos fueron impecables, como fueron previstos, sin mayores regateos. Un discurso aplomado, con un [&hellip;]<\/p>\n","protected":false},"author":26,"featured_media":161792,"comment_status":"open","ping_status":"open","sticky":false,"template":"","format":"standard","meta":{"_monsterinsights_skip_tracking":false,"_monsterinsights_sitenote_active":false,"_monsterinsights_sitenote_note":"","_monsterinsights_sitenote_category":0,"footnotes":""},"categories":[242],"tags":[702],"class_list":["post-161791","post","type-post","status-publish","format-standard","has-post-thumbnail","hentry","category-macroscopio","tag-edgard-gonzalez-suarez","wp-image-borders"],"amp_enabled":true,"_links":{"self":[{"href":"https:\/\/nvnoticias.mx\/index.php\/wp-json\/wp\/v2\/posts\/161791","targetHints":{"allow":["GET"]}}],"collection":[{"href":"https:\/\/nvnoticias.mx\/index.php\/wp-json\/wp\/v2\/posts"}],"about":[{"href":"https:\/\/nvnoticias.mx\/index.php\/wp-json\/wp\/v2\/types\/post"}],"author":[{"embeddable":true,"href":"https:\/\/nvnoticias.mx\/index.php\/wp-json\/wp\/v2\/users\/26"}],"replies":[{"embeddable":true,"href":"https:\/\/nvnoticias.mx\/index.php\/wp-json\/wp\/v2\/comments?post=161791"}],"version-history":[{"count":1,"href":"https:\/\/nvnoticias.mx\/index.php\/wp-json\/wp\/v2\/posts\/161791\/revisions"}],"predecessor-version":[{"id":161793,"href":"https:\/\/nvnoticias.mx\/index.php\/wp-json\/wp\/v2\/posts\/161791\/revisions\/161793"}],"wp:featuredmedia":[{"embeddable":true,"href":"https:\/\/nvnoticias.mx\/index.php\/wp-json\/wp\/v2\/media\/161792"}],"wp:attachment":[{"href":"https:\/\/nvnoticias.mx\/index.php\/wp-json\/wp\/v2\/media?parent=161791"}],"wp:term":[{"taxonomy":"category","embeddable":true,"href":"https:\/\/nvnoticias.mx\/index.php\/wp-json\/wp\/v2\/categories?post=161791"},{"taxonomy":"post_tag","embeddable":true,"href":"https:\/\/nvnoticias.mx\/index.php\/wp-json\/wp\/v2\/tags?post=161791"}],"curies":[{"name":"wp","href":"https:\/\/api.w.org\/{rel}","templated":true}]}}