{"id":161751,"date":"2024-10-06T16:43:58","date_gmt":"2024-10-06T22:43:58","guid":{"rendered":"https:\/\/nvnoticias.mx\/?p=161751"},"modified":"2024-10-06T16:44:00","modified_gmt":"2024-10-06T22:44:00","slug":"el-lenguaje-como-herramienta-de-poder-amlo-bajo-la-lupa-de-klemperer","status":"publish","type":"post","link":"https:\/\/nvnoticias.mx\/index.php\/2024\/10\/06\/el-lenguaje-como-herramienta-de-poder-amlo-bajo-la-lupa-de-klemperer\/","title":{"rendered":"El lenguaje como herramienta de poder: AMLO bajo la lupa de Klemperer"},"content":{"rendered":"\n<p><\/p>\n\n\n\n<p>Mois\u00e9s Hern\u00e1ndez Yoldi<\/p>\n\n\n\n<p>El an\u00e1lisis de Andr\u00e9s Manuel L\u00f3pez Obrador desde la perspectiva comunicacional, a la luz de la obra de V\u00edctor Klemperer \u201cLTI: La lengua del Tercer Reich\u201d, nos permite explorar la manera en que AMLO utiliza el lenguaje como herramienta de poder y persuasi\u00f3n, manipulando conceptos y emociones para conectar con su audiencia.<\/p>\n\n\n\n<p>Klemperer argumenta que el lenguaje no solo refleja la realidad, sino que tambi\u00e9n la moldea y crea. AMLO ha demostrado una capacidad excepcional para utilizar un lenguaje que resuena profundamente con ciertos sectores de la sociedad mexicana, apelando a un sentido de justicia hist\u00f3rica, indignaci\u00f3n social y promesas de cambio.<\/p>\n\n\n\n<p>Su estilo comunicacional se apropia de conceptos clave como \u201cpueblo\u201d, \u201c\u00e9lite\u201d o \u201cconservadores\u201d, redefini\u00e9ndolos para crear una narrativa polarizadora. Esta narrativa sit\u00faa a sus seguidores en el lado correcto de la historia, mientras que a sus opositores los caracteriza como enemigos del progreso y del pueblo.<\/p>\n\n\n\n<p>Un ejemplo clave es su uso de la palabra \u201cpueblo\u201d. Para AMLO, el \u201cpueblo\u201d es m\u00e1s que una simple referencia demogr\u00e1fica; se ha convertido en una figura casi m\u00edtica que engloba la pureza, la justicia y la resistencia.<\/p>\n\n\n\n<p>Este uso del lenguaje genera un v\u00ednculo emocional fuerte con las masas, posicionando a AMLO como el l\u00edder leg\u00edtimo que representa los verdaderos intereses de la naci\u00f3n. Siguiendo a Klemperer, podemos decir que AMLO no solo describe al \u201cpueblo\u201d, sino que lo crea discursivamente a trav\u00e9s de su ret\u00f3rica.<\/p>\n\n\n\n<p>Otro elemento que podemos analizar es su lenguaje emocional, cargado de s\u00edmbolos y met\u00e1foras que apelan directamente a las emociones m\u00e1s b\u00e1sicas del electorado: esperanza, indignaci\u00f3n y lucha.<\/p>\n\n\n\n<p>Frases como \u201cla mafia del poder\u201d o \u201cprimero los pobres\u201d son ejemplos de una estrategia comunicacional que simplifica complejidades pol\u00edticas y econ\u00f3micas en dicotom\u00edas f\u00e1ciles de entender y dif\u00edciles de rebatir.<\/p>\n\n\n\n<p>Esto le permite mantener un control discursivo sobre la agenda p\u00fablica, en un contexto donde la polarizaci\u00f3n es un recurso clave para consolidar su liderazgo.<\/p>\n\n\n\n<p>Asimismo, Klemperer habla sobre la repetici\u00f3n como una herramienta central en la propaganda. AMLO ha demostrado un uso magistral de la repetici\u00f3n de ciertas frases, como \u201cno mentir, no robar, no traicionar\u201d, para fijar en la mente colectiva ciertos valores que se asocian a su proyecto pol\u00edtico.<\/p>\n\n\n\n<p>Esta constante reiteraci\u00f3n refuerza la imagen de AMLO como un l\u00edder moral, pr\u00e1cticamente incorruptible, lo cual le otorga una ventaja frente a sus opositores.<\/p>\n\n\n\n<p>En conclusi\u00f3n, al igual que Klemperer observ\u00f3 c\u00f3mo ciertos reg\u00edmenes instrumentalizaban el lenguaje para construir una realidad ideol\u00f3gica, AMLO ha sabido utilizar su estilo comunicacional para crear una narrativa pol\u00edtica que apela a los sentimientos m\u00e1s profundos del electorado.<\/p>\n\n\n\n<p>Ha transformado el lenguaje en una herramienta poderosa para movilizar y motivar voluntades, unificando a su base en torno a conceptos y s\u00edmbolos que, aunque a menudo simplificados, han demostrado ser altamente efectivos en la consolidaci\u00f3n de su poder.<\/p>\n","protected":false},"excerpt":{"rendered":"<p>Mois\u00e9s Hern\u00e1ndez Yoldi El an\u00e1lisis de Andr\u00e9s Manuel L\u00f3pez Obrador desde la perspectiva comunicacional, a la luz de la obra de V\u00edctor Klemperer \u201cLTI: La lengua del Tercer Reich\u201d, nos permite explorar la manera en que AMLO utiliza el lenguaje como herramienta de poder y persuasi\u00f3n, manipulando conceptos y emociones para conectar con su audiencia. [&hellip;]<\/p>\n","protected":false},"author":11,"featured_media":161752,"comment_status":"open","ping_status":"open","sticky":false,"template":"","format":"standard","meta":{"_monsterinsights_skip_tracking":false,"_monsterinsights_sitenote_active":false,"_monsterinsights_sitenote_note":"","_monsterinsights_sitenote_category":0,"footnotes":""},"categories":[429],"tags":[430],"class_list":["post-161751","post","type-post","status-publish","format-standard","has-post-thumbnail","hentry","category-artillero","tag-moises-hernandez-yoldi","wp-image-borders"],"amp_enabled":true,"_links":{"self":[{"href":"https:\/\/nvnoticias.mx\/index.php\/wp-json\/wp\/v2\/posts\/161751","targetHints":{"allow":["GET"]}}],"collection":[{"href":"https:\/\/nvnoticias.mx\/index.php\/wp-json\/wp\/v2\/posts"}],"about":[{"href":"https:\/\/nvnoticias.mx\/index.php\/wp-json\/wp\/v2\/types\/post"}],"author":[{"embeddable":true,"href":"https:\/\/nvnoticias.mx\/index.php\/wp-json\/wp\/v2\/users\/11"}],"replies":[{"embeddable":true,"href":"https:\/\/nvnoticias.mx\/index.php\/wp-json\/wp\/v2\/comments?post=161751"}],"version-history":[{"count":2,"href":"https:\/\/nvnoticias.mx\/index.php\/wp-json\/wp\/v2\/posts\/161751\/revisions"}],"predecessor-version":[{"id":161754,"href":"https:\/\/nvnoticias.mx\/index.php\/wp-json\/wp\/v2\/posts\/161751\/revisions\/161754"}],"wp:featuredmedia":[{"embeddable":true,"href":"https:\/\/nvnoticias.mx\/index.php\/wp-json\/wp\/v2\/media\/161752"}],"wp:attachment":[{"href":"https:\/\/nvnoticias.mx\/index.php\/wp-json\/wp\/v2\/media?parent=161751"}],"wp:term":[{"taxonomy":"category","embeddable":true,"href":"https:\/\/nvnoticias.mx\/index.php\/wp-json\/wp\/v2\/categories?post=161751"},{"taxonomy":"post_tag","embeddable":true,"href":"https:\/\/nvnoticias.mx\/index.php\/wp-json\/wp\/v2\/tags?post=161751"}],"curies":[{"name":"wp","href":"https:\/\/api.w.org\/{rel}","templated":true}]}}