{"id":161661,"date":"2024-10-05T10:33:54","date_gmt":"2024-10-05T16:33:54","guid":{"rendered":"https:\/\/nvnoticias.mx\/?p=161661"},"modified":"2024-10-05T10:33:55","modified_gmt":"2024-10-05T16:33:55","slug":"maxime-van-dalense-vestira-de-gloriosa","status":"publish","type":"post","link":"https:\/\/nvnoticias.mx\/index.php\/2024\/10\/05\/maxime-van-dalense-vestira-de-gloriosa\/","title":{"rendered":"Maxime Van Dalense vestir\u00e1 de Gloriosa"},"content":{"rendered":"\n<p><\/p>\n\n\n\n<p>Jugadora de contacto y estelar de la Selecci\u00f3n de Pa\u00edses Bajos, Maxime Van Dalen es anunciada como refuerzo de El \u00c1guila en la Liga Mexicana de Softbol y ser\u00e1 la primera europea en jugar en el circuito azteca.<\/p>\n\n\n\n<p>Maxime Van Dalen, es una jugadora zurda, originaria de \u00c1msterdam, Pa\u00edses Bajos, quien juega como primera base, pero tambi\u00e9n cubre mucho terreno como jardinera y si se requiere, puede ser lanzadora. En el orden al bat, Van Dalen puede ser tercero o cuarto bat.&nbsp;<\/p>\n\n\n\n<p>Van Dalen ha vivido momentos complicados en su carrera deportiva, en el 2022 sufri\u00f3 una lesi\u00f3n en su rodilla, se rompi\u00f3 el ligamento cruzado, ligamiento colateral y el menisco, sin embargo, tras un arduo trabajo de recuperaci\u00f3n, Maxime regres\u00f3 a los terrenos en el 2023 y lleg\u00f3 a 100 juegos con la Selecci\u00f3n de Pa\u00edses Bajos en su primer juego despu\u00e9s de su operaci\u00f3n.<\/p>\n\n\n\n<p>La inicialista neerlandesa cuenta con una amplia experiencia en el softbol y que demuestra el poder que tiene en las mu\u00f1ecas como Subcampeona de bateo en la liga Pa\u00edses Bajos 2023. Adem\u00e1s su desempe\u00f1o como bateadora la ha colocado en el top 5 del 2015 al 2018 y del 2020 al 2023. En el 2020, se consagr\u00f3 como la MVP de la Liga Holandesa.<\/p>\n\n\n\n<p>Con la Selecci\u00f3n Nacional de Pa\u00edses Bajos, Maxime ha logrado un cuarto lugar en el Campeonato Mundial 2024, Subcampeona\u00a0de Europa en 2015, 2019 y 2021, adem\u00e1s tuvo un promedio de bateo de.429 en el Clasificatorio Ol\u00edmpico del 2019.<\/p>\n\n\n\n<p><\/p>\n","protected":false},"excerpt":{"rendered":"<p>Jugadora de contacto y estelar de la Selecci\u00f3n de Pa\u00edses Bajos, Maxime Van Dalen es anunciada como refuerzo de El \u00c1guila en la Liga Mexicana de Softbol y ser\u00e1 la primera europea en jugar en el circuito azteca. Maxime Van Dalen, es una jugadora zurda, originaria de \u00c1msterdam, Pa\u00edses Bajos, quien juega como primera base, [&hellip;]<\/p>\n","protected":false},"author":8,"featured_media":161663,"comment_status":"open","ping_status":"open","sticky":false,"template":"","format":"standard","meta":{"_monsterinsights_skip_tracking":false,"_monsterinsights_sitenote_active":false,"_monsterinsights_sitenote_note":"","_monsterinsights_sitenote_category":0,"footnotes":""},"categories":[159,1],"tags":[28987,5230],"class_list":["post-161661","post","type-post","status-publish","format-standard","has-post-thumbnail","hentry","category-deportes","category-uncategorized","tag-el-aguila-de-veracruz-femenil","tag-softbol","wp-image-borders"],"amp_enabled":true,"_links":{"self":[{"href":"https:\/\/nvnoticias.mx\/index.php\/wp-json\/wp\/v2\/posts\/161661","targetHints":{"allow":["GET"]}}],"collection":[{"href":"https:\/\/nvnoticias.mx\/index.php\/wp-json\/wp\/v2\/posts"}],"about":[{"href":"https:\/\/nvnoticias.mx\/index.php\/wp-json\/wp\/v2\/types\/post"}],"author":[{"embeddable":true,"href":"https:\/\/nvnoticias.mx\/index.php\/wp-json\/wp\/v2\/users\/8"}],"replies":[{"embeddable":true,"href":"https:\/\/nvnoticias.mx\/index.php\/wp-json\/wp\/v2\/comments?post=161661"}],"version-history":[{"count":1,"href":"https:\/\/nvnoticias.mx\/index.php\/wp-json\/wp\/v2\/posts\/161661\/revisions"}],"predecessor-version":[{"id":161662,"href":"https:\/\/nvnoticias.mx\/index.php\/wp-json\/wp\/v2\/posts\/161661\/revisions\/161662"}],"wp:featuredmedia":[{"embeddable":true,"href":"https:\/\/nvnoticias.mx\/index.php\/wp-json\/wp\/v2\/media\/161663"}],"wp:attachment":[{"href":"https:\/\/nvnoticias.mx\/index.php\/wp-json\/wp\/v2\/media?parent=161661"}],"wp:term":[{"taxonomy":"category","embeddable":true,"href":"https:\/\/nvnoticias.mx\/index.php\/wp-json\/wp\/v2\/categories?post=161661"},{"taxonomy":"post_tag","embeddable":true,"href":"https:\/\/nvnoticias.mx\/index.php\/wp-json\/wp\/v2\/tags?post=161661"}],"curies":[{"name":"wp","href":"https:\/\/api.w.org\/{rel}","templated":true}]}}