{"id":16166,"date":"2021-06-14T13:13:33","date_gmt":"2021-06-14T18:13:33","guid":{"rendered":"https:\/\/nvnoticias.mx\/?p=16166"},"modified":"2021-06-14T13:13:34","modified_gmt":"2021-06-14T18:13:34","slug":"suma-cdmx-6-casos-positivos-de-covid-tras-regreso-a-clases","status":"publish","type":"post","link":"https:\/\/nvnoticias.mx\/index.php\/2021\/06\/14\/suma-cdmx-6-casos-positivos-de-covid-tras-regreso-a-clases\/","title":{"rendered":"Suma CDMX 6 casos positivos de Covid tras regreso a clases"},"content":{"rendered":"\n<p>La Autoridad Educativa Federal en la Ciudad de M\u00e9xico (AEFCM) report\u00f3\u00a0tres nuevos casos positivos de Covid-19\u00a0en estudiantes de\u00a0escuelas privadas\u00a0de\u00a0Educaci\u00f3n B\u00e1sica, en la capital del pa\u00eds tras el\u00a0regreso a clases presenciales.\u00a0<br>\u00a0<br><strong>Los anteriores se suman a los tres ya reportados en\u00a0Iztacalco, Tl\u00e1huac y Gustavo A. Madero.<br><\/strong>\u00a0<br>En un comunicado de prensa, la AEFCM coment\u00f3 que los dos de los primeros nuevos casos corresponden a\u00a0alumnos que cursan segundo y quinto grado\u00a0de educaci\u00f3n primaria del mismo plantel ubicado en la\u00a0alcald\u00eda Coyoac\u00e1n, y el tercero en una alumna de segundo grado de primaria, en la\u00a0alcald\u00eda \u00c1lvaro Obreg\u00f3n.<br>\u00a0<br>Con base en las orientaciones sobre el regreso a la escuela durante el ciclo escolar 2020-2021, emitidas por la AEFCM, en los dos primeros casos, los familiares notificaron a las autoridades del plantel que sus hijos presentaron sintomatolog\u00eda, por lo que decidieron realizarse la prueba, resultando ambos\u00a0estudiantes positivos a SARS-Cov-2.<br>\u00a0<br>En el tercer caso, la madre de la alumna se comunic\u00f3 con las autoridades de la escuela para informarles que su hija ten\u00eda s\u00edntomas de resfriado, por lo que acudieron a realizarle la prueba de ant\u00edgeno resultando positivo.<br>\u00a0<br>Estos nuevos sucesos se suman a los tres anteriores que se reportaron oportunamente en las alcald\u00edas\u00a0Tl\u00e1huac, Gustavo A. Madero e Iztacalco en escuelas p\u00fablicas.<\/p>\n\n\n\n<p>Fuente: El Universal<\/p>\n","protected":false},"excerpt":{"rendered":"<p>La Autoridad Educativa Federal en la Ciudad de M\u00e9xico (AEFCM) report\u00f3\u00a0tres nuevos casos positivos de Covid-19\u00a0en estudiantes de\u00a0escuelas privadas\u00a0de\u00a0Educaci\u00f3n B\u00e1sica, en la capital del pa\u00eds tras el\u00a0regreso a clases presenciales.\u00a0\u00a0Los anteriores se suman a los tres ya reportados en\u00a0Iztacalco, Tl\u00e1huac y Gustavo A. Madero.\u00a0En un comunicado de prensa, la AEFCM coment\u00f3 que los dos de [&hellip;]<\/p>\n","protected":false},"author":6,"featured_media":16169,"comment_status":"open","ping_status":"open","sticky":false,"template":"","format":"standard","meta":{"_monsterinsights_skip_tracking":false,"_monsterinsights_sitenote_active":false,"_monsterinsights_sitenote_note":"","_monsterinsights_sitenote_category":0,"footnotes":""},"categories":[157],"tags":[4410,307,175,1676],"class_list":["post-16166","post","type-post","status-publish","format-standard","has-post-thumbnail","hentry","category-nacional","tag-casos-positivos","tag-cdmx","tag-covid-19","tag-regreso-a-clases","wp-image-borders"],"amp_enabled":true,"_links":{"self":[{"href":"https:\/\/nvnoticias.mx\/index.php\/wp-json\/wp\/v2\/posts\/16166","targetHints":{"allow":["GET"]}}],"collection":[{"href":"https:\/\/nvnoticias.mx\/index.php\/wp-json\/wp\/v2\/posts"}],"about":[{"href":"https:\/\/nvnoticias.mx\/index.php\/wp-json\/wp\/v2\/types\/post"}],"author":[{"embeddable":true,"href":"https:\/\/nvnoticias.mx\/index.php\/wp-json\/wp\/v2\/users\/6"}],"replies":[{"embeddable":true,"href":"https:\/\/nvnoticias.mx\/index.php\/wp-json\/wp\/v2\/comments?post=16166"}],"version-history":[{"count":1,"href":"https:\/\/nvnoticias.mx\/index.php\/wp-json\/wp\/v2\/posts\/16166\/revisions"}],"predecessor-version":[{"id":16167,"href":"https:\/\/nvnoticias.mx\/index.php\/wp-json\/wp\/v2\/posts\/16166\/revisions\/16167"}],"wp:featuredmedia":[{"embeddable":true,"href":"https:\/\/nvnoticias.mx\/index.php\/wp-json\/wp\/v2\/media\/16169"}],"wp:attachment":[{"href":"https:\/\/nvnoticias.mx\/index.php\/wp-json\/wp\/v2\/media?parent=16166"}],"wp:term":[{"taxonomy":"category","embeddable":true,"href":"https:\/\/nvnoticias.mx\/index.php\/wp-json\/wp\/v2\/categories?post=16166"},{"taxonomy":"post_tag","embeddable":true,"href":"https:\/\/nvnoticias.mx\/index.php\/wp-json\/wp\/v2\/tags?post=16166"}],"curies":[{"name":"wp","href":"https:\/\/api.w.org\/{rel}","templated":true}]}}