{"id":161646,"date":"2024-10-04T18:40:00","date_gmt":"2024-10-05T00:40:00","guid":{"rendered":"https:\/\/nvnoticias.mx\/?p=161646"},"modified":"2024-10-04T20:23:54","modified_gmt":"2024-10-05T02:23:54","slug":"realizan-desfile-para-conmemorar-el-203-aniversario-de-la-creacion-de-la-armada-de-mexico","status":"publish","type":"post","link":"https:\/\/nvnoticias.mx\/index.php\/2024\/10\/04\/realizan-desfile-para-conmemorar-el-203-aniversario-de-la-creacion-de-la-armada-de-mexico\/","title":{"rendered":"Realizan desfile para conmemorar el 203 Aniversario de la Creaci\u00f3n de la Armada de M\u00e9xico"},"content":{"rendered":"\n<p><\/p>\n\n\n\n<p><strong>Jes\u00fas Utrilla\/ NV Noticias <\/strong><\/p>\n\n\n\n<p>La presidenta de M\u00e9xico, Claudia Sheinbaum Pardo, encabez\u00f3 la conmemoraci\u00f3n del 203 Aniversario de la Creaci\u00f3n de la Armada de M\u00e9xico y la Constituci\u00f3n Federal de 1824 en la ciudad de Veracruz. <\/p>\n\n\n\n<p>El evento cont\u00f3 con un desfile naval que comenz\u00f3 en el malec\u00f3n de la ciudad, donde participaron representantes de los diferentes cuerpos, servicios y escalas de las Fuerzas y Regiones Navales de todo el pa\u00eds.<\/p>\n\n\n\n<p>Entre los momentos destacados del desfile se encontraba la presencia del buque Papaloapan y la bandera Trigarante, conocida como &#8220;Torrotito&#8221;, que abri\u00f3 el desfile. <\/p>\n\n\n\n<p>Tambi\u00e9n se exhibi\u00f3 la evoluci\u00f3n de los uniformes de la Instituci\u00f3n y se pudieron apreciar veh\u00edculos operativos y equipamiento del personal de Infanter\u00eda de Marina.<\/p>\n\n\n\n<p>Adem\u00e1s, participaron los Cadetes de la Heroica Escuela Naval Militar, la Escuela M\u00e9dico y de Enfermer\u00eda Naval, las Escuelas T\u00e9cnicas Navales y las Escuelas N\u00e1uticas Mercantes del pa\u00eds, entre otras unidades y establecimientos de los diferentes mandos navales de la Secretar\u00eda de Marina-Armada de M\u00e9xico.<\/p>\n\n\n\n<p>La conmemoraci\u00f3n record\u00f3 la creaci\u00f3n del Ministerio de Guerra y Marina en 1821 por el General Agust\u00edn de Iturbide, que marc\u00f3 el inicio de la historia de la Armada de M\u00e9xico.<\/p>\n\n\n\n<p>Actualmente, la misi\u00f3n de la Secretar\u00eda de Marina es proteger los intereses mar\u00edtimos, mantener el Estado de Derecho en las zonas marinas mexicanas y aplicar la Autoridad Mar\u00edtima Nacional para garantizar la soberan\u00eda y el desarrollo del pa\u00eds.<\/p>\n","protected":false},"excerpt":{"rendered":"<p>Jes\u00fas Utrilla\/ NV Noticias La presidenta de M\u00e9xico, Claudia Sheinbaum Pardo, encabez\u00f3 la conmemoraci\u00f3n del 203 Aniversario de la Creaci\u00f3n de la Armada de M\u00e9xico y la Constituci\u00f3n Federal de 1824 en la ciudad de Veracruz. El evento cont\u00f3 con un desfile naval que comenz\u00f3 en el malec\u00f3n de la ciudad, donde participaron representantes de [&hellip;]<\/p>\n","protected":false},"author":8,"featured_media":161647,"comment_status":"open","ping_status":"open","sticky":false,"template":"","format":"standard","meta":{"_monsterinsights_skip_tracking":false,"_monsterinsights_sitenote_active":false,"_monsterinsights_sitenote_note":"","_monsterinsights_sitenote_category":0,"footnotes":""},"categories":[154],"tags":[3345,7356,162],"class_list":["post-161646","post","type-post","status-publish","format-standard","has-post-thumbnail","hentry","category-veracruz","tag-desfile","tag-dia-de-la-armada-de-mexico","tag-portada","wp-image-borders"],"amp_enabled":true,"_links":{"self":[{"href":"https:\/\/nvnoticias.mx\/index.php\/wp-json\/wp\/v2\/posts\/161646","targetHints":{"allow":["GET"]}}],"collection":[{"href":"https:\/\/nvnoticias.mx\/index.php\/wp-json\/wp\/v2\/posts"}],"about":[{"href":"https:\/\/nvnoticias.mx\/index.php\/wp-json\/wp\/v2\/types\/post"}],"author":[{"embeddable":true,"href":"https:\/\/nvnoticias.mx\/index.php\/wp-json\/wp\/v2\/users\/8"}],"replies":[{"embeddable":true,"href":"https:\/\/nvnoticias.mx\/index.php\/wp-json\/wp\/v2\/comments?post=161646"}],"version-history":[{"count":1,"href":"https:\/\/nvnoticias.mx\/index.php\/wp-json\/wp\/v2\/posts\/161646\/revisions"}],"predecessor-version":[{"id":161648,"href":"https:\/\/nvnoticias.mx\/index.php\/wp-json\/wp\/v2\/posts\/161646\/revisions\/161648"}],"wp:featuredmedia":[{"embeddable":true,"href":"https:\/\/nvnoticias.mx\/index.php\/wp-json\/wp\/v2\/media\/161647"}],"wp:attachment":[{"href":"https:\/\/nvnoticias.mx\/index.php\/wp-json\/wp\/v2\/media?parent=161646"}],"wp:term":[{"taxonomy":"category","embeddable":true,"href":"https:\/\/nvnoticias.mx\/index.php\/wp-json\/wp\/v2\/categories?post=161646"},{"taxonomy":"post_tag","embeddable":true,"href":"https:\/\/nvnoticias.mx\/index.php\/wp-json\/wp\/v2\/tags?post=161646"}],"curies":[{"name":"wp","href":"https:\/\/api.w.org\/{rel}","templated":true}]}}