{"id":161594,"date":"2024-10-04T10:42:44","date_gmt":"2024-10-04T16:42:44","guid":{"rendered":"https:\/\/nvnoticias.mx\/?p=161594"},"modified":"2024-10-04T10:42:45","modified_gmt":"2024-10-04T16:42:45","slug":"iran-advierte-que-golpeara-la-industria-energetica-de-israel-si-este-lo-ataca","status":"publish","type":"post","link":"https:\/\/nvnoticias.mx\/index.php\/2024\/10\/04\/iran-advierte-que-golpeara-la-industria-energetica-de-israel-si-este-lo-ataca\/","title":{"rendered":"Ir\u00e1n advierte que golpear\u00e1 la industria energ\u00e9tica de Israel si \u00e9ste lo ataca"},"content":{"rendered":"\n<p>\u00a0La\u00a0<strong>Guardia Revolucionaria de Ir\u00e1n<\/strong>advirti\u00f3 que\u00a0<strong>golpear\u00e1 la industria energ\u00e9tica de Israel<\/strong>\u00a0si es atacado por ese pa\u00eds, que a su vez ha prometido\u00a0<strong>venganza\u00a0<\/strong>por el\u00a0<strong>bombardeo con misiles<\/strong>\u00a0iran\u00ed de la noche del martes pasado.<\/p>\n\n\n\n<p>&#8220;Si el r\u00e9gimen sionista comete un error, atacaremos todas sus fuentes de energ\u00eda, estaciones,&nbsp;<strong>refiner\u00edas&nbsp;<\/strong>y&nbsp;<strong>campos de gas<\/strong>\u201d, dijo el subcomandante de la Guardia Revolucionaria iran\u00ed, el general de brigada&nbsp;<strong>Ali Fadavi<\/strong>, en declaraciones recogidas por medios locales.<\/p>\n\n\n\n<p>&#8220;El r\u00e9gimen sionista tiene s\u00f3lo tres\u00a0<strong>centrales el\u00e9ctricas<\/strong>\u00a0y unas cuantas refiner\u00edas, pero Ir\u00e1n es un pa\u00eds enorme&#8221;, dijo Fadavi.<\/p>\n\n\n\n<p><\/p>\n\n\n\n<p>Fuente: El <a href=\"https:\/\/www.eluniversal.com.mx\/mundo\/iran-advierte-que-golpeara-la-industria-energetica-de-israel-si-este-lo-ataca-si-comete-un-error-atacaremos\/\">Universal<\/a> <\/p>\n","protected":false},"excerpt":{"rendered":"<p>\u00a0La\u00a0Guardia Revolucionaria de Ir\u00e1nadvirti\u00f3 que\u00a0golpear\u00e1 la industria energ\u00e9tica de Israel\u00a0si es atacado por ese pa\u00eds, que a su vez ha prometido\u00a0venganza\u00a0por el\u00a0bombardeo con misiles\u00a0iran\u00ed de la noche del martes pasado. &#8220;Si el r\u00e9gimen sionista comete un error, atacaremos todas sus fuentes de energ\u00eda, estaciones,&nbsp;refiner\u00edas&nbsp;y&nbsp;campos de gas\u201d, dijo el subcomandante de la Guardia Revolucionaria iran\u00ed, el [&hellip;]<\/p>\n","protected":false},"author":35,"featured_media":124246,"comment_status":"open","ping_status":"open","sticky":false,"template":"","format":"standard","meta":{"_monsterinsights_skip_tracking":false,"_monsterinsights_sitenote_active":false,"_monsterinsights_sitenote_note":"","_monsterinsights_sitenote_category":0,"footnotes":""},"categories":[181],"tags":[5665,3337],"class_list":["post-161594","post","type-post","status-publish","format-standard","has-post-thumbnail","hentry","category-internacional","tag-iran","tag-israel","wp-image-borders"],"amp_enabled":true,"_links":{"self":[{"href":"https:\/\/nvnoticias.mx\/index.php\/wp-json\/wp\/v2\/posts\/161594","targetHints":{"allow":["GET"]}}],"collection":[{"href":"https:\/\/nvnoticias.mx\/index.php\/wp-json\/wp\/v2\/posts"}],"about":[{"href":"https:\/\/nvnoticias.mx\/index.php\/wp-json\/wp\/v2\/types\/post"}],"author":[{"embeddable":true,"href":"https:\/\/nvnoticias.mx\/index.php\/wp-json\/wp\/v2\/users\/35"}],"replies":[{"embeddable":true,"href":"https:\/\/nvnoticias.mx\/index.php\/wp-json\/wp\/v2\/comments?post=161594"}],"version-history":[{"count":3,"href":"https:\/\/nvnoticias.mx\/index.php\/wp-json\/wp\/v2\/posts\/161594\/revisions"}],"predecessor-version":[{"id":161597,"href":"https:\/\/nvnoticias.mx\/index.php\/wp-json\/wp\/v2\/posts\/161594\/revisions\/161597"}],"wp:featuredmedia":[{"embeddable":true,"href":"https:\/\/nvnoticias.mx\/index.php\/wp-json\/wp\/v2\/media\/124246"}],"wp:attachment":[{"href":"https:\/\/nvnoticias.mx\/index.php\/wp-json\/wp\/v2\/media?parent=161594"}],"wp:term":[{"taxonomy":"category","embeddable":true,"href":"https:\/\/nvnoticias.mx\/index.php\/wp-json\/wp\/v2\/categories?post=161594"},{"taxonomy":"post_tag","embeddable":true,"href":"https:\/\/nvnoticias.mx\/index.php\/wp-json\/wp\/v2\/tags?post=161594"}],"curies":[{"name":"wp","href":"https:\/\/api.w.org\/{rel}","templated":true}]}}