{"id":161424,"date":"2024-10-02T13:55:36","date_gmt":"2024-10-02T19:55:36","guid":{"rendered":"https:\/\/nvnoticias.mx\/?p=161424"},"modified":"2024-10-02T13:55:38","modified_gmt":"2024-10-02T19:55:38","slug":"samuel-zazueta-volvera-a-vestirse-de-aguila","status":"publish","type":"post","link":"https:\/\/nvnoticias.mx\/index.php\/2024\/10\/02\/samuel-zazueta-volvera-a-vestirse-de-aguila\/","title":{"rendered":"Samuel Zazueta volver\u00e1 a vestirse de \u00e1guila"},"content":{"rendered":"\n<p><\/p>\n\n\n\n<p>El lanzador zurdo Samuel Zazueta volver\u00e1 a vestir los colores de El Glorioso en un movimiento que env\u00eda a Luis M\u00e1rquez a los Toros de Tijuana.<\/p>\n\n\n\n<p>La Direcci\u00f3n Deportiva de El \u00c1guila a trav\u00e9s de Jes\u00fas Valdez da a conocer que este movimiento de Zazueta por Luis M\u00e1rquez es de forma definitiva.<\/p>\n\n\n\n<p>Samuel Zazueta vivir\u00e1 su tercera temporada con Veracruz, en el 2023 lleg\u00f3 v\u00eda pr\u00e9stamo de la novena astada y tuvo marca de 2-2, una efectividad de 3.07 y recet\u00f3 40 ponches, adem\u00e1s de que se convirti\u00f3 en el preparador y relevo clave en el bullpen veracruzano bajo el mando de N\u00e9stor Rojas. Ya en el 2024 tuvo una estancia corta con Veracruz y vio acci\u00f3n solo en 11 juegos.<\/p>\n\n\n\n<p>El \u00c1guila de Veracruz agradece a Luis M\u00e1rquez su profesionalismo durante su estancia con El Glorioso y le desea el mejor de los \u00e9xitos en su nueva etapa con Tijuana.<\/p>\n\n\n\n<p><\/p>\n","protected":false},"excerpt":{"rendered":"<p>El lanzador zurdo Samuel Zazueta volver\u00e1 a vestir los colores de El Glorioso en un movimiento que env\u00eda a Luis M\u00e1rquez a los Toros de Tijuana. La Direcci\u00f3n Deportiva de El \u00c1guila a trav\u00e9s de Jes\u00fas Valdez da a conocer que este movimiento de Zazueta por Luis M\u00e1rquez es de forma definitiva. Samuel Zazueta vivir\u00e1 [&hellip;]<\/p>\n","protected":false},"author":8,"featured_media":161425,"comment_status":"open","ping_status":"open","sticky":false,"template":"","format":"standard","meta":{"_monsterinsights_skip_tracking":false,"_monsterinsights_sitenote_active":false,"_monsterinsights_sitenote_note":"","_monsterinsights_sitenote_category":0,"footnotes":""},"categories":[159],"tags":[1195,30999],"class_list":["post-161424","post","type-post","status-publish","format-standard","has-post-thumbnail","hentry","category-deportes","tag-el-aguila-de-veracruz","tag-samuel-zazueta","wp-image-borders"],"amp_enabled":true,"_links":{"self":[{"href":"https:\/\/nvnoticias.mx\/index.php\/wp-json\/wp\/v2\/posts\/161424","targetHints":{"allow":["GET"]}}],"collection":[{"href":"https:\/\/nvnoticias.mx\/index.php\/wp-json\/wp\/v2\/posts"}],"about":[{"href":"https:\/\/nvnoticias.mx\/index.php\/wp-json\/wp\/v2\/types\/post"}],"author":[{"embeddable":true,"href":"https:\/\/nvnoticias.mx\/index.php\/wp-json\/wp\/v2\/users\/8"}],"replies":[{"embeddable":true,"href":"https:\/\/nvnoticias.mx\/index.php\/wp-json\/wp\/v2\/comments?post=161424"}],"version-history":[{"count":1,"href":"https:\/\/nvnoticias.mx\/index.php\/wp-json\/wp\/v2\/posts\/161424\/revisions"}],"predecessor-version":[{"id":161426,"href":"https:\/\/nvnoticias.mx\/index.php\/wp-json\/wp\/v2\/posts\/161424\/revisions\/161426"}],"wp:featuredmedia":[{"embeddable":true,"href":"https:\/\/nvnoticias.mx\/index.php\/wp-json\/wp\/v2\/media\/161425"}],"wp:attachment":[{"href":"https:\/\/nvnoticias.mx\/index.php\/wp-json\/wp\/v2\/media?parent=161424"}],"wp:term":[{"taxonomy":"category","embeddable":true,"href":"https:\/\/nvnoticias.mx\/index.php\/wp-json\/wp\/v2\/categories?post=161424"},{"taxonomy":"post_tag","embeddable":true,"href":"https:\/\/nvnoticias.mx\/index.php\/wp-json\/wp\/v2\/tags?post=161424"}],"curies":[{"name":"wp","href":"https:\/\/api.w.org\/{rel}","templated":true}]}}