{"id":161402,"date":"2024-10-02T12:34:13","date_gmt":"2024-10-02T18:34:13","guid":{"rendered":"https:\/\/nvnoticias.mx\/?p=161402"},"modified":"2024-10-02T12:34:15","modified_gmt":"2024-10-02T18:34:15","slug":"iglesia-catolica-advierte-que-primeros-100-dias-de-gobierno-de-sheinbaum-seran-determinantes","status":"publish","type":"post","link":"https:\/\/nvnoticias.mx\/index.php\/2024\/10\/02\/iglesia-catolica-advierte-que-primeros-100-dias-de-gobierno-de-sheinbaum-seran-determinantes\/","title":{"rendered":"Iglesia Cat\u00f3lica advierte que primeros 100 d\u00edas de gobierno de Sheinbaum ser\u00e1n determinantes\u00a0"},"content":{"rendered":"\n<p><\/p>\n\n\n\n<p><strong>Sam Ojeda \/ NV Noticias<\/strong><\/p>\n\n\n\n<p>Xalapa.- El vocero de la Arquidi\u00f3cesis de Xalapa, Juan Beristain de los Santos, afirm\u00f3 que los pr\u00f3ximos 100 d\u00edas ser\u00e1n determinantes para conocer el plan de desarrollo de la presidenta Claudia Sheinbaum Pardo.&nbsp;<\/p>\n\n\n\n<p>En entrevista, reconoci\u00f3 que el gobierno saliente ha dejado pendientes que se deben atender con urgencia, como la inseguridad, la desigualdad social y el fortalecimiento del sistema educativo.<\/p>\n\n\n\n<p>Por ello, dijo que la Iglesia cat\u00f3lica celebra el inicio del nuevo gobierno encabezado por Claudia Sheinbaum Pardo y existe esperanza entre la feligres\u00eda.&nbsp;<\/p>\n\n\n\n<blockquote class=\"wp-block-quote is-layout-flow wp-block-quote-is-layout-flow\">\n<p>\u201c<em>Vemos altas posibilidades de salir adelante; este nuevo gobierno nos da esperanza (\u2026), la presidenta y su equipo cuentan con las oraciones de la Iglesia. Confiamos en que estas necesidades pendientes ser\u00e1n atendidas, porque son urgentes para que nuestra naci\u00f3n siga en crecimiento<\/em>\u201d.<\/p>\n<\/blockquote>\n\n\n\n<p>Y asegur\u00f3 que todos los sectores de la sociedad deben coadyuvar y respaldar al Gobierno de la Rep\u00fablica y a la presidenta.<\/p>\n\n\n\n<blockquote class=\"wp-block-quote is-layout-flow wp-block-quote-is-layout-flow\">\n<p>\u201c<em>Debemos esperar a que transcurran los primeros 100 d\u00edas y estar muy atentos a los movimientos del gobierno. Seguramente, al principio podr\u00eda parecer que es m\u00e1s de lo mismo, pero debemos otorgar el beneficio de la duda y, sobre todo, mantener positivas las expectativas<\/em>\u201d.<\/p>\n<\/blockquote>\n\n\n\n<p>Beristain De los Santos asegur\u00f3 que los mexicanos vivir en un pa\u00eds con paz, igualdad, justicia y dignidad y que ese es el llamado a las autoridades. &nbsp;<\/p>\n","protected":false},"excerpt":{"rendered":"<p>Sam Ojeda \/ NV Noticias Xalapa.- El vocero de la Arquidi\u00f3cesis de Xalapa, Juan Beristain de los Santos, afirm\u00f3 que los pr\u00f3ximos 100 d\u00edas ser\u00e1n determinantes para conocer el plan de desarrollo de la presidenta Claudia Sheinbaum Pardo.&nbsp; En entrevista, reconoci\u00f3 que el gobierno saliente ha dejado pendientes que se deben atender con urgencia, como [&hellip;]<\/p>\n","protected":false},"author":8,"featured_media":123561,"comment_status":"open","ping_status":"open","sticky":false,"template":"","format":"standard","meta":{"_monsterinsights_skip_tracking":false,"_monsterinsights_sitenote_active":false,"_monsterinsights_sitenote_note":"","_monsterinsights_sitenote_category":0,"footnotes":""},"categories":[156],"tags":[2801,299,2708],"class_list":["post-161402","post","type-post","status-publish","format-standard","has-post-thumbnail","hentry","category-estado","tag-claudia-sheinbaum","tag-gobierno","tag-iglesia-catolica","wp-image-borders"],"amp_enabled":true,"_links":{"self":[{"href":"https:\/\/nvnoticias.mx\/index.php\/wp-json\/wp\/v2\/posts\/161402","targetHints":{"allow":["GET"]}}],"collection":[{"href":"https:\/\/nvnoticias.mx\/index.php\/wp-json\/wp\/v2\/posts"}],"about":[{"href":"https:\/\/nvnoticias.mx\/index.php\/wp-json\/wp\/v2\/types\/post"}],"author":[{"embeddable":true,"href":"https:\/\/nvnoticias.mx\/index.php\/wp-json\/wp\/v2\/users\/8"}],"replies":[{"embeddable":true,"href":"https:\/\/nvnoticias.mx\/index.php\/wp-json\/wp\/v2\/comments?post=161402"}],"version-history":[{"count":1,"href":"https:\/\/nvnoticias.mx\/index.php\/wp-json\/wp\/v2\/posts\/161402\/revisions"}],"predecessor-version":[{"id":161403,"href":"https:\/\/nvnoticias.mx\/index.php\/wp-json\/wp\/v2\/posts\/161402\/revisions\/161403"}],"wp:featuredmedia":[{"embeddable":true,"href":"https:\/\/nvnoticias.mx\/index.php\/wp-json\/wp\/v2\/media\/123561"}],"wp:attachment":[{"href":"https:\/\/nvnoticias.mx\/index.php\/wp-json\/wp\/v2\/media?parent=161402"}],"wp:term":[{"taxonomy":"category","embeddable":true,"href":"https:\/\/nvnoticias.mx\/index.php\/wp-json\/wp\/v2\/categories?post=161402"},{"taxonomy":"post_tag","embeddable":true,"href":"https:\/\/nvnoticias.mx\/index.php\/wp-json\/wp\/v2\/tags?post=161402"}],"curies":[{"name":"wp","href":"https:\/\/api.w.org\/{rel}","templated":true}]}}