{"id":161119,"date":"2024-09-30T06:43:00","date_gmt":"2024-09-30T12:43:00","guid":{"rendered":"https:\/\/nvnoticias.mx\/?p=161119"},"modified":"2024-09-29T22:45:12","modified_gmt":"2024-09-30T04:45:12","slug":"japon-celebrara-elecciones-anticipadas-el-proximo-27-de-octubre","status":"publish","type":"post","link":"https:\/\/nvnoticias.mx\/index.php\/2024\/09\/30\/japon-celebrara-elecciones-anticipadas-el-proximo-27-de-octubre\/","title":{"rendered":"Jap\u00f3n celebrar\u00e1 elecciones anticipadas el pr\u00f3ximo 27 de octubre"},"content":{"rendered":"\n<p>El futuro primer ministro japon\u00e9s,\u00a0<strong>Shigeru Ishiba<\/strong>, tiene previsto convocar elecciones generales anticipadas para el 27 de octubre, informaron el lunes medios locales.<\/p>\n\n\n\n<p>Ishiba, de 67 a\u00f1os, fue electo el viernes l\u00edder del gobernante&nbsp;<strong>Partido Liberal Democr\u00e1tico<\/strong>&nbsp;(PLD) y deber\u00e1 jurar el martes como primer ministro.<\/p>\n\n\n\n<p>El dirigente planea disolver el parlamento el 9 de octubre, antes de las elecciones generales del 27 de ese mes, informaron la\u00a0<strong>televisi\u00f3n naciona<\/strong>l NHK, cuatro diarios y otros medios, sin citar fuentes.<\/p>\n\n\n\n<p>Ishiba hab\u00eda dicho el viernes que pretende llamar a comicios para reforzar su mandato &#8220;lo antes posible&#8221;, sin precisar una fecha.<\/p>\n\n\n\n<p>El exministro de Defensa Ishiba sustituy\u00f3 a\u00a0<strong>Fumio Kishida\u00a0<\/strong>como l\u00edder del PLD, que ha gobernado Jap\u00f3n de manera casi ininterrumpida durante d\u00e9cadas.<\/p>\n\n\n\n<p>Kishida renunci\u00f3 tras un<strong>&nbsp;esc\u00e1ndalo de fondos il\u00edcitos&nbsp;<\/strong>en su partido que agrav\u00f3 su impopularidad entre los votantes.<\/p>\n\n\n\n<p>Pero el nombramiento de Ishiba no fue bien recibido por agentes econ\u00f3micos, llevando al \u00edndice Nikkei de la<strong>\u00a0bolsa de Tokio\u00a0<\/strong>a caer casi 4% el lunes.<\/p>\n\n\n\n<p>Fuente: El <a href=\"https:\/\/www.eluniversal.com.mx\/mundo\/japon-celebrara-elecciones-anticipadas-el-proximo-27-de-octubre-segun-medios-locales\/\">Universal<\/a> <\/p>\n\n\n\n<p><\/p>\n","protected":false},"excerpt":{"rendered":"<p>El futuro primer ministro japon\u00e9s,\u00a0Shigeru Ishiba, tiene previsto convocar elecciones generales anticipadas para el 27 de octubre, informaron el lunes medios locales. Ishiba, de 67 a\u00f1os, fue electo el viernes l\u00edder del gobernante&nbsp;Partido Liberal Democr\u00e1tico&nbsp;(PLD) y deber\u00e1 jurar el martes como primer ministro. El dirigente planea disolver el parlamento el 9 de octubre, antes de [&hellip;]<\/p>\n","protected":false},"author":35,"featured_media":161124,"comment_status":"open","ping_status":"open","sticky":false,"template":"","format":"standard","meta":{"_monsterinsights_skip_tracking":false,"_monsterinsights_sitenote_active":false,"_monsterinsights_sitenote_note":"","_monsterinsights_sitenote_category":0,"footnotes":""},"categories":[181],"tags":[644],"class_list":["post-161119","post","type-post","status-publish","format-standard","has-post-thumbnail","hentry","category-internacional","tag-japon","wp-image-borders"],"amp_enabled":true,"_links":{"self":[{"href":"https:\/\/nvnoticias.mx\/index.php\/wp-json\/wp\/v2\/posts\/161119","targetHints":{"allow":["GET"]}}],"collection":[{"href":"https:\/\/nvnoticias.mx\/index.php\/wp-json\/wp\/v2\/posts"}],"about":[{"href":"https:\/\/nvnoticias.mx\/index.php\/wp-json\/wp\/v2\/types\/post"}],"author":[{"embeddable":true,"href":"https:\/\/nvnoticias.mx\/index.php\/wp-json\/wp\/v2\/users\/35"}],"replies":[{"embeddable":true,"href":"https:\/\/nvnoticias.mx\/index.php\/wp-json\/wp\/v2\/comments?post=161119"}],"version-history":[{"count":5,"href":"https:\/\/nvnoticias.mx\/index.php\/wp-json\/wp\/v2\/posts\/161119\/revisions"}],"predecessor-version":[{"id":161125,"href":"https:\/\/nvnoticias.mx\/index.php\/wp-json\/wp\/v2\/posts\/161119\/revisions\/161125"}],"wp:featuredmedia":[{"embeddable":true,"href":"https:\/\/nvnoticias.mx\/index.php\/wp-json\/wp\/v2\/media\/161124"}],"wp:attachment":[{"href":"https:\/\/nvnoticias.mx\/index.php\/wp-json\/wp\/v2\/media?parent=161119"}],"wp:term":[{"taxonomy":"category","embeddable":true,"href":"https:\/\/nvnoticias.mx\/index.php\/wp-json\/wp\/v2\/categories?post=161119"},{"taxonomy":"post_tag","embeddable":true,"href":"https:\/\/nvnoticias.mx\/index.php\/wp-json\/wp\/v2\/tags?post=161119"}],"curies":[{"name":"wp","href":"https:\/\/api.w.org\/{rel}","templated":true}]}}