{"id":16099,"date":"2021-06-14T08:39:48","date_gmt":"2021-06-14T13:39:48","guid":{"rendered":"https:\/\/nvnoticias.mx\/?p=16099"},"modified":"2021-06-14T08:41:12","modified_gmt":"2021-06-14T13:41:12","slug":"falta-transparencia-mancera-acusa-ebrard-colapso-linea-dorada","status":"publish","type":"post","link":"https:\/\/nvnoticias.mx\/index.php\/2021\/06\/14\/falta-transparencia-mancera-acusa-ebrard-colapso-linea-dorada\/","title":{"rendered":"Falta transparencia de Mancera, acusa Ebrard ante colapso de L\u00ednea Dorada"},"content":{"rendered":"\n<p>El colapso de la\u00a0L\u00ednea 12 del Metro\u00a0ahonda las confrontaciones pol\u00edticas en el pa\u00eds. El secretario de Relaciones Exteriores,<strong>\u00a0Marcelo Ebrard<\/strong>, cuestion\u00f3 a su sucesor como jefe de Gobierno de la Ciudad de M\u00e9xico,<strong>\u00a0Miguel \u00c1ngel Mancera<\/strong>, si realmente se llev\u00f3 a cabo el mantenimiento de la llamada L\u00ednea Dorada.<\/p>\n\n\n\n<p>Ayer, el peri\u00f3dico estadounidense\u00a0The New York Times\u00a0public\u00f3 una nota titulada Por qu\u00e9 colaps\u00f3 la L\u00ednea 12 del Metro de la\u00a0<strong>Ciudad<\/strong> <strong>de M\u00e9xico<\/strong>, en la cual concluye \u2014a partir de documentos e indagatorias\u2014 que se trat\u00f3 de una obra que se hizo y termin\u00f3 bajo la premura del fin de la entonces administraci\u00f3n del jefe de Gobierno del Distrito Federal, Marcelo Ebrard.<\/p>\n\n\n\n<p>El hoy encargado de la pol\u00edtica exterior de M\u00e9xico respondi\u00f3 a trav\u00e9s de una misiva que entreg\u00f3 al peri\u00f3dico el 3 de junio \u2014ya que el medio le pidi\u00f3 respuestas\u2014 y que fue difundida ayer en\u00a0Twitter.<\/p>\n\n\n\n<figure class=\"wp-block-embed is-type-rich is-provider-twitter wp-block-embed-twitter\"><div class=\"wp-block-embed__wrapper\">\n<blockquote class=\"twitter-tweet\" data-width=\"550\" data-dnt=\"true\"><p lang=\"es\" dir=\"ltr\">Aqu\u00ed las respuestas dadas hace unos d\u00edas a The  New York Times respecto a reportaje sobre L\u00ednea 12. Como podr\u00e1n ustedes observar fueron ignoradas por completo.  <a href=\"https:\/\/t.co\/bktYbBc6RV\">https:\/\/t.co\/bktYbBc6RV<\/a><\/p>&mdash; Marcelo Ebrard C. (@m_ebrard) <a href=\"https:\/\/twitter.com\/m_ebrard\/status\/1404133583909011464?ref_src=twsrc%5Etfw\">June 13, 2021<\/a><\/blockquote><script async src=\"https:\/\/platform.twitter.com\/widgets.js\" charset=\"utf-8\"><\/script>\n<\/div><\/figure>\n\n\n\n<p>En las respuestas que dio al peri\u00f3dico, afirm\u00f3 que se alert\u00f3 a la administraci\u00f3n de Mancera Espinosa sobre los potenciales<strong>&nbsp;da\u00f1os por sismos<\/strong>. Espec\u00edficamente se detall\u00f3 que en caso de un temblor mayor a 7 grados hab\u00eda la necesidad de realizar trabajos de renivelaci\u00f3n de todo el tramo elevado, no s\u00f3lo reparaci\u00f3n.<\/p>\n\n\n\n<blockquote class=\"wp-block-quote is-layout-flow wp-block-quote-is-layout-flow\"><p>\u201cSaber si la administraci\u00f3n de Mancera [Espinosa] realiz\u00f3 los trabajos de renivelaci\u00f3n necesarios tras los sismos que azotaron a la capital el 19 de septiembre de 2017, es algo que se tiene que probar con documentos oficiales. Por esa misma raz\u00f3n, no se conoce del potencial da\u00f1o que pudo haber causado a la v\u00eda elevada, por ejemplo, la realizaci\u00f3n de trabajo como la sustituci\u00f3n y colocaci\u00f3n de toneladas de balasto\u201d, estableci\u00f3 Ebrard Casaubon.<\/p><\/blockquote>\n\n\n\n<p><\/p>\n\n\n\n<h2 class=\"wp-block-heading\">Sheinbaum niega filtraci\u00f3n<\/h2>\n\n\n\n<p>La jefa de Gobierno de la Ciudad de M\u00e9xico,\u00a0Claudia Sheinbaum, asegur\u00f3 que su administraci\u00f3n nunca ha recurrido a las filtraciones period\u00edsticas para informar o hacer su trabajo, tras lo publicado en The New York Times sobre el derrumbe del Metro.<\/p>\n\n\n\n<blockquote class=\"wp-block-quote is-layout-flow wp-block-quote-is-layout-flow\"><p>\u201cHabr\u00eda que preguntarse qu\u00e9 intereses no esclarecidos est\u00e1n detr\u00e1s de este art\u00edculo\u201d, cuestion\u00f3 la mandataria capitalina.<\/p><\/blockquote>\n\n\n\n<p>Aclar\u00f3 que han sido muy responsables en esperar los\u00a0dict\u00e1menes t\u00e9cnicos y profesionales, puesto que \u201cno es nuestro estilo filtrar informaci\u00f3n y nunca lo ser\u00e1. Nos caracteriza decir la verdad de forma directa y sin ning\u00fan intermediario\u201d.<\/p>\n\n\n\n<figure class=\"wp-block-embed is-type-rich is-provider-twitter wp-block-embed-twitter\"><div class=\"wp-block-embed__wrapper\">\n<blockquote class=\"twitter-tweet\" data-width=\"550\" data-dnt=\"true\"><p lang=\"es\" dir=\"ltr\">(1) Sobre el art\u00edculo que aparece en el NYT el d\u00eda de hoy sobre la l\u00ednea 12 y la afirmaci\u00f3n que algunos han hecho de que la informaci\u00f3n provino del gobierno de la Ciudad, aclaro categ\u00f3rica que nunca hemos utilizado filtraciones period\u00edsticas para informar o hacer nuestro trabajo<\/p>&mdash; Claudia Sheinbaum (@Claudiashein) <a href=\"https:\/\/twitter.com\/Claudiashein\/status\/1404066211961393156?ref_src=twsrc%5Etfw\">June 13, 2021<\/a><\/blockquote><script async src=\"https:\/\/platform.twitter.com\/widgets.js\" charset=\"utf-8\"><\/script>\n<\/div><\/figure>\n\n\n\n<p>Fuente: El Universal<\/p>\n","protected":false},"excerpt":{"rendered":"<p>El colapso de la\u00a0L\u00ednea 12 del Metro\u00a0ahonda las confrontaciones pol\u00edticas en el pa\u00eds. El secretario de Relaciones Exteriores,\u00a0Marcelo Ebrard, cuestion\u00f3 a su sucesor como jefe de Gobierno de la Ciudad de M\u00e9xico,\u00a0Miguel \u00c1ngel Mancera, si realmente se llev\u00f3 a cabo el mantenimiento de la llamada L\u00ednea Dorada. Ayer, el peri\u00f3dico estadounidense\u00a0The New York Times\u00a0public\u00f3 una [&hellip;]<\/p>\n","protected":false},"author":6,"featured_media":14151,"comment_status":"open","ping_status":"open","sticky":false,"template":"","format":"standard","meta":{"_monsterinsights_skip_tracking":false,"_monsterinsights_sitenote_active":false,"_monsterinsights_sitenote_note":"","_monsterinsights_sitenote_category":0,"footnotes":""},"categories":[157],"tags":[3404,391,2562,162],"class_list":["post-16099","post","type-post","status-publish","format-standard","has-post-thumbnail","hentry","category-nacional","tag-linea-12","tag-marcelo-ebrard","tag-miguel-angel-mancera","tag-portada","wp-image-borders"],"amp_enabled":true,"_links":{"self":[{"href":"https:\/\/nvnoticias.mx\/index.php\/wp-json\/wp\/v2\/posts\/16099","targetHints":{"allow":["GET"]}}],"collection":[{"href":"https:\/\/nvnoticias.mx\/index.php\/wp-json\/wp\/v2\/posts"}],"about":[{"href":"https:\/\/nvnoticias.mx\/index.php\/wp-json\/wp\/v2\/types\/post"}],"author":[{"embeddable":true,"href":"https:\/\/nvnoticias.mx\/index.php\/wp-json\/wp\/v2\/users\/6"}],"replies":[{"embeddable":true,"href":"https:\/\/nvnoticias.mx\/index.php\/wp-json\/wp\/v2\/comments?post=16099"}],"version-history":[{"count":2,"href":"https:\/\/nvnoticias.mx\/index.php\/wp-json\/wp\/v2\/posts\/16099\/revisions"}],"predecessor-version":[{"id":16101,"href":"https:\/\/nvnoticias.mx\/index.php\/wp-json\/wp\/v2\/posts\/16099\/revisions\/16101"}],"wp:featuredmedia":[{"embeddable":true,"href":"https:\/\/nvnoticias.mx\/index.php\/wp-json\/wp\/v2\/media\/14151"}],"wp:attachment":[{"href":"https:\/\/nvnoticias.mx\/index.php\/wp-json\/wp\/v2\/media?parent=16099"}],"wp:term":[{"taxonomy":"category","embeddable":true,"href":"https:\/\/nvnoticias.mx\/index.php\/wp-json\/wp\/v2\/categories?post=16099"},{"taxonomy":"post_tag","embeddable":true,"href":"https:\/\/nvnoticias.mx\/index.php\/wp-json\/wp\/v2\/tags?post=16099"}],"curies":[{"name":"wp","href":"https:\/\/api.w.org\/{rel}","templated":true}]}}