{"id":160987,"date":"2024-09-29T09:56:58","date_gmt":"2024-09-29T15:56:58","guid":{"rendered":"https:\/\/nvnoticias.mx\/?p=160987"},"modified":"2024-09-29T09:56:59","modified_gmt":"2024-09-29T15:56:59","slug":"cierra-su-sexenio-con-mas-crimenes-de-estado-que-durante-la-guerra-contra-elc-crimen-organizado","status":"publish","type":"post","link":"https:\/\/nvnoticias.mx\/index.php\/2024\/09\/29\/cierra-su-sexenio-con-mas-crimenes-de-estado-que-durante-la-guerra-contra-elc-crimen-organizado\/","title":{"rendered":"Cierra su sexenio con m\u00e1s cr\u00edmenes de Estado que durante la \u201cguerra contra elc crimen organizado\u201d"},"content":{"rendered":"\n<p>El 15 de octubre de 2019 tres camionetas con civiles armados se toparon de frente con un convoy del Ej\u00e9rcito Mexicano; un militar que iba en el veh\u00edculo de avanzada ten\u00eda en sus manos una metralleta capaz de realizar 800 tiros por minuto, aunque no logr\u00f3 vaciar su arma antes de ser asesinado, los disparos que hizo fueron suficientes para acabar con la vida de 14 presuntos integrantes de Guerreros Unidos:<strong>\u00a0la masacre de Tepochica, Guerrero<\/strong>, se catalog\u00f3 como la primera ejecuci\u00f3n extrajudicial a manos de las Fuerzas Armadas en la era de la 4T; aunque la Comisi\u00f3n Nacional de Derechos Humanos (CNDH) abri\u00f3 un oficio de queja por los hechos, el caso se reserv\u00f3 por cinco a\u00f1os y el discurso de<strong>\u00a0\u201cno somos iguales\u201d\u00a0<\/strong>de AMLO comenz\u00f3 a tambalearse.<\/p>\n\n\n\n<p>Justo al final de su administraci\u00f3n y contrario a su promesa de campa\u00f1a, el Congreso de la Uni\u00f3n discuti\u00f3 y aprob\u00f3 la reforma constitucional del presidente Andr\u00e9s Manuel L\u00f3pez Obrador para que se consolide el paso de la&nbsp;<strong>Guardia Nacional<\/strong>&nbsp;a manos de la Secretar\u00eda de la Defensa Nacional (Sedena); los pol\u00edticos afines al partido en el poder afirman que&nbsp;<strong>no es militarizaci\u00f3n&nbsp;<\/strong>y respaldan el discurso presidencial que apunta que la medida garantizar\u00e1 que la instituci\u00f3n no se \u201cpudra\u201d como ocurri\u00f3 con la Polic\u00eda Federal.<\/p>\n\n\n\n<p><strong>\u201cEn M\u00e9xico no hay desapariciones forzadas, ejecuciones extrajudiciales ni tortura\u201d,<\/strong>&nbsp;lanz\u00f3 la senadora Andrea Ch\u00e1vez en defensa de la reforma a la Guardia Nacional.<\/p>\n\n\n\n<p>Las declaraciones de la senadora por Chihuahua coinciden -son una calca- de las pronunciadas por AMLO durante su conferencia ma\u00f1anera del 26 de agosto de 2024: \u201cNo desaparecimos a nadie, no se tortur\u00f3 a nadie, no hubo masacres, no reprimimos,\u00a0<strong>no somos iguales,<\/strong>\u00a0as\u00ed de sencillo\u201d.<\/p>\n\n\n\n<p>Fuente: <a href=\"https:\/\/www.infobae.com\/mexico\/2024\/09\/29\/amlo-supero-a-calderon-cierra-su-sexenio-con-mas-crimenes-de-estado-que-durante-la-guerra-contra-el-narco\/\">Infobae<\/a> <\/p>\n\n\n\n<p><\/p>\n\n\n\n<p><\/p>\n\n\n\n<p><\/p>\n\n\n\n<p><\/p>\n\n\n\n<p><\/p>\n","protected":false},"excerpt":{"rendered":"<p>El 15 de octubre de 2019 tres camionetas con civiles armados se toparon de frente con un convoy del Ej\u00e9rcito Mexicano; un militar que iba en el veh\u00edculo de avanzada ten\u00eda en sus manos una metralleta capaz de realizar 800 tiros por minuto, aunque no logr\u00f3 vaciar su arma antes de ser asesinado, los disparos [&hellip;]<\/p>\n","protected":false},"author":35,"featured_media":95586,"comment_status":"open","ping_status":"open","sticky":false,"template":"","format":"standard","meta":{"_monsterinsights_skip_tracking":false,"_monsterinsights_sitenote_active":false,"_monsterinsights_sitenote_note":"","_monsterinsights_sitenote_category":0,"footnotes":""},"categories":[157],"tags":[188,314,162],"class_list":["post-160987","post","type-post","status-publish","format-standard","has-post-thumbnail","hentry","category-nacional","tag-amlo","tag-estado","tag-portada","wp-image-borders"],"amp_enabled":true,"_links":{"self":[{"href":"https:\/\/nvnoticias.mx\/index.php\/wp-json\/wp\/v2\/posts\/160987","targetHints":{"allow":["GET"]}}],"collection":[{"href":"https:\/\/nvnoticias.mx\/index.php\/wp-json\/wp\/v2\/posts"}],"about":[{"href":"https:\/\/nvnoticias.mx\/index.php\/wp-json\/wp\/v2\/types\/post"}],"author":[{"embeddable":true,"href":"https:\/\/nvnoticias.mx\/index.php\/wp-json\/wp\/v2\/users\/35"}],"replies":[{"embeddable":true,"href":"https:\/\/nvnoticias.mx\/index.php\/wp-json\/wp\/v2\/comments?post=160987"}],"version-history":[{"count":4,"href":"https:\/\/nvnoticias.mx\/index.php\/wp-json\/wp\/v2\/posts\/160987\/revisions"}],"predecessor-version":[{"id":160991,"href":"https:\/\/nvnoticias.mx\/index.php\/wp-json\/wp\/v2\/posts\/160987\/revisions\/160991"}],"wp:featuredmedia":[{"embeddable":true,"href":"https:\/\/nvnoticias.mx\/index.php\/wp-json\/wp\/v2\/media\/95586"}],"wp:attachment":[{"href":"https:\/\/nvnoticias.mx\/index.php\/wp-json\/wp\/v2\/media?parent=160987"}],"wp:term":[{"taxonomy":"category","embeddable":true,"href":"https:\/\/nvnoticias.mx\/index.php\/wp-json\/wp\/v2\/categories?post=160987"},{"taxonomy":"post_tag","embeddable":true,"href":"https:\/\/nvnoticias.mx\/index.php\/wp-json\/wp\/v2\/tags?post=160987"}],"curies":[{"name":"wp","href":"https:\/\/api.w.org\/{rel}","templated":true}]}}