{"id":160872,"date":"2024-09-28T10:04:33","date_gmt":"2024-09-28T16:04:33","guid":{"rendered":"https:\/\/nvnoticias.mx\/?p=160872"},"modified":"2024-09-28T10:04:35","modified_gmt":"2024-09-28T16:04:35","slug":"sheinbaum-defiende-postura-de-no-invitar-al-rey-de-espana","status":"publish","type":"post","link":"https:\/\/nvnoticias.mx\/index.php\/2024\/09\/28\/sheinbaum-defiende-postura-de-no-invitar-al-rey-de-espana\/","title":{"rendered":"Sheinbaum defiende postura de no invitar al rey de Espa\u00f1a"},"content":{"rendered":"\n<p>La presidenta electa de M\u00e9xico,\u00a0<strong>Claudia Sheinbaum<\/strong>, asegur\u00f3 este viernes que\u00a0<strong>\u201cpedir perd\u00f3n\u201d\u00a0<\/strong>engrandece a los pueblos y a las naciones, en el marco de la pol\u00e9mica con\u00a0<strong>Espa\u00f1a\u00a0<\/strong>por no invitar directamente al<strong>\u00a0Rey Felipe VI\u00a0<\/strong>a su toma de posesi\u00f3n.<\/p>\n\n\n\n<p>Sheinbaum, quien acompa\u00f1\u00f3 a&nbsp;<strong>Andr\u00e9s Manuel L\u00f3pez Obrador<\/strong>&nbsp;a la entrega de un acueducto y distrito de riego al pueblo yaqui, en&nbsp;<strong>Guaymas, Sonora,<\/strong>&nbsp;record\u00f3 que su antecesor inici\u00f3 el<strong>&nbsp;Plan de Justicia para el Yaqui&nbsp;<\/strong>pidiendo perd\u00f3n a este pueblo originario por las atrocidades de los pasados gobiernos.<\/p>\n\n\n\n<p>\u201cY lo digo ahora porque viene a cuento y es importante para que nos escuchen en cualquier parte del mundo: el perd\u00f3n engrandece a los pueblos, el perd\u00f3n engrandece a las naciones,\u00a0<strong>el perd\u00f3n engrandece a las personas.<\/strong>\u00a0Significa reconocer, y al reconocer significa \u2018nunca m\u00e1s\u2019; significa no olvidar, y nosotros no olvidamos lo que ocurri\u00f3 con sus ancestros, con el pueblo Yaqui,<strong>\u00a0pero tampoco vamos a olvidar el Plan de Justicia<\/strong>, y lo que significa resarcir ese da\u00f1o\u201d puntualiz\u00f3 Sheinbaum en su participaci\u00f3n.<\/p>\n\n\n\n<p>Por su parte, L\u00f3pez Obrador asegur\u00f3 que\u00a0<strong>Sheinbaum lo consult\u00f3 ante la decisi\u00f3n de no invitar al rey espa\u00f1ol,\u00a0<\/strong>pero que la decisi\u00f3n fue totalmente de ella, pues es una mujer de convicciones.<\/p>\n\n\n\n<p>Fuente: <a href=\"https:\/\/www.infobae.com\/mexico\/2024\/09\/28\/sheinbaum-defiende-decision-de-no-invitar-al-rey-de-espana\/\">Infobae<\/a><\/p>\n","protected":false},"excerpt":{"rendered":"<p>La presidenta electa de M\u00e9xico,\u00a0Claudia Sheinbaum, asegur\u00f3 este viernes que\u00a0\u201cpedir perd\u00f3n\u201d\u00a0engrandece a los pueblos y a las naciones, en el marco de la pol\u00e9mica con\u00a0Espa\u00f1a\u00a0por no invitar directamente al\u00a0Rey Felipe VI\u00a0a su toma de posesi\u00f3n. Sheinbaum, quien acompa\u00f1\u00f3 a&nbsp;Andr\u00e9s Manuel L\u00f3pez Obrador&nbsp;a la entrega de un acueducto y distrito de riego al pueblo yaqui, en&nbsp;Guaymas, [&hellip;]<\/p>\n","protected":false},"author":35,"featured_media":127871,"comment_status":"open","ping_status":"open","sticky":false,"template":"","format":"standard","meta":{"_monsterinsights_skip_tracking":false,"_monsterinsights_sitenote_active":false,"_monsterinsights_sitenote_note":"","_monsterinsights_sitenote_category":0,"footnotes":""},"categories":[158],"tags":[2801,593,162],"class_list":["post-160872","post","type-post","status-publish","format-standard","has-post-thumbnail","hentry","category-politica","tag-claudia-sheinbaum","tag-espana","tag-portada","wp-image-borders"],"amp_enabled":true,"_links":{"self":[{"href":"https:\/\/nvnoticias.mx\/index.php\/wp-json\/wp\/v2\/posts\/160872","targetHints":{"allow":["GET"]}}],"collection":[{"href":"https:\/\/nvnoticias.mx\/index.php\/wp-json\/wp\/v2\/posts"}],"about":[{"href":"https:\/\/nvnoticias.mx\/index.php\/wp-json\/wp\/v2\/types\/post"}],"author":[{"embeddable":true,"href":"https:\/\/nvnoticias.mx\/index.php\/wp-json\/wp\/v2\/users\/35"}],"replies":[{"embeddable":true,"href":"https:\/\/nvnoticias.mx\/index.php\/wp-json\/wp\/v2\/comments?post=160872"}],"version-history":[{"count":5,"href":"https:\/\/nvnoticias.mx\/index.php\/wp-json\/wp\/v2\/posts\/160872\/revisions"}],"predecessor-version":[{"id":160877,"href":"https:\/\/nvnoticias.mx\/index.php\/wp-json\/wp\/v2\/posts\/160872\/revisions\/160877"}],"wp:featuredmedia":[{"embeddable":true,"href":"https:\/\/nvnoticias.mx\/index.php\/wp-json\/wp\/v2\/media\/127871"}],"wp:attachment":[{"href":"https:\/\/nvnoticias.mx\/index.php\/wp-json\/wp\/v2\/media?parent=160872"}],"wp:term":[{"taxonomy":"category","embeddable":true,"href":"https:\/\/nvnoticias.mx\/index.php\/wp-json\/wp\/v2\/categories?post=160872"},{"taxonomy":"post_tag","embeddable":true,"href":"https:\/\/nvnoticias.mx\/index.php\/wp-json\/wp\/v2\/tags?post=160872"}],"curies":[{"name":"wp","href":"https:\/\/api.w.org\/{rel}","templated":true}]}}