{"id":160850,"date":"2024-09-27T15:55:28","date_gmt":"2024-09-27T21:55:28","guid":{"rendered":"https:\/\/nvnoticias.mx\/?p=160850"},"modified":"2024-09-27T15:55:30","modified_gmt":"2024-09-27T21:55:30","slug":"la-comision-de-justicia-ya-trabaja-en-las-leyes-secundarias-de-la-reforma-judicial","status":"publish","type":"post","link":"https:\/\/nvnoticias.mx\/index.php\/2024\/09\/27\/la-comision-de-justicia-ya-trabaja-en-las-leyes-secundarias-de-la-reforma-judicial\/","title":{"rendered":"La Comisi\u00f3n de Justicia ya trabaja en las leyes secundarias de la Reforma Judicial"},"content":{"rendered":"\n<p><\/p>\n\n\n\n<p><strong>Jes\u00fas Utrilla \/ NV Noticias<\/strong><\/p>\n\n\n\n<p>La Comisi\u00f3n de Justicia ya trabaja en las leyes secundarias de la Reforma Judicial y en la convocatoria que se emitir\u00e1 para la elecci\u00f3n de jueces y magistrados, se\u00f1al\u00f3 el senador Manuel Huerta Ladr\u00f3n de Guevara. <\/p>\n\n\n\n<p>Dijo que respeta las manifestaciones de los trabajadores del Poder Judicial de la Federaci\u00f3n, pero las asociaciones de jueces y magistrados defienden sus intereses y no la justicia.<\/p>\n\n\n\n<blockquote class=\"wp-block-quote is-layout-flow wp-block-quote-is-layout-flow\">\n<p>\u201c<em>Ya estamos instrumentando la reforma para la elecci\u00f3n el pr\u00f3ximo a\u00f1o. El INE ya sesion\u00f3, ya est\u00e1 prepar\u00e1ndose y en la Comisi\u00f3n de Justicia ya estamos trabajando en las reformas secundarias que van a facilitar el proceso y trabajando rumbo a la convocatoria que se va a emitir. Y Pi\u00f1a acab\u00f3 de pi\u00f1ata porque no va a tener opci\u00f3n legal y constitucional de ning\u00fan tipo<\/em>\u201d.<\/p>\n<\/blockquote>\n\n\n\n<p>El domingo se tendr\u00e1 la declaratoria de constitucionalidad de la Ley de la Guardia Nacional y la de Pueblos Ind\u00edgenas. Ambas leyes son importantes para la sociedad. Adem\u00e1s despu\u00e9s del cambio de presidente sesionar\u00e1n Pensiones para el Bienestar e incorporaci\u00f3n de J\u00f3venes Construyendo el Futuro como derecho constitucional.<\/p>\n\n\n\n<blockquote class=\"wp-block-quote is-layout-flow wp-block-quote-is-layout-flow\">\n<p>\u201c<em>Las reformas estructurales tienen que ver con lo que nos lastimaba desde hace 36 a\u00f1os. Reformar y quitarle la esencia social a la Constituci\u00f3n desde el periodo de Salinas, Zedillo, Fox, Calder\u00f3n y Pe\u00f1a Nieto, le arrancaron la capacidad constitucional que ten\u00eda el pueblo para el derecho a la tierra, trabajo, agua, salud y educaci\u00f3n. Privatizaron todo, hasta el agua<\/em>\u201d.<\/p>\n<\/blockquote>\n\n\n\n<p>Destac\u00f3 que las reformas dar\u00e1n fuerza y potencial a los mexicanos. Incluso se contempla el tema del agua para regular concesiones como en Veracruz y Boca del Rio.<\/p>\n","protected":false},"excerpt":{"rendered":"<p>Jes\u00fas Utrilla \/ NV Noticias La Comisi\u00f3n de Justicia ya trabaja en las leyes secundarias de la Reforma Judicial y en la convocatoria que se emitir\u00e1 para la elecci\u00f3n de jueces y magistrados, se\u00f1al\u00f3 el senador Manuel Huerta Ladr\u00f3n de Guevara. Dijo que respeta las manifestaciones de los trabajadores del Poder Judicial de la Federaci\u00f3n, [&hellip;]<\/p>\n","protected":false},"author":8,"featured_media":160851,"comment_status":"open","ping_status":"open","sticky":false,"template":"","format":"standard","meta":{"_monsterinsights_skip_tracking":false,"_monsterinsights_sitenote_active":false,"_monsterinsights_sitenote_note":"","_monsterinsights_sitenote_category":0,"footnotes":""},"categories":[154],"tags":[28277,3882,30269],"class_list":["post-160850","post","type-post","status-publish","format-standard","has-post-thumbnail","hentry","category-veracruz","tag-comision-de-justicia-del-senado","tag-leyes","tag-reforma-judicial","wp-image-borders"],"amp_enabled":true,"_links":{"self":[{"href":"https:\/\/nvnoticias.mx\/index.php\/wp-json\/wp\/v2\/posts\/160850","targetHints":{"allow":["GET"]}}],"collection":[{"href":"https:\/\/nvnoticias.mx\/index.php\/wp-json\/wp\/v2\/posts"}],"about":[{"href":"https:\/\/nvnoticias.mx\/index.php\/wp-json\/wp\/v2\/types\/post"}],"author":[{"embeddable":true,"href":"https:\/\/nvnoticias.mx\/index.php\/wp-json\/wp\/v2\/users\/8"}],"replies":[{"embeddable":true,"href":"https:\/\/nvnoticias.mx\/index.php\/wp-json\/wp\/v2\/comments?post=160850"}],"version-history":[{"count":1,"href":"https:\/\/nvnoticias.mx\/index.php\/wp-json\/wp\/v2\/posts\/160850\/revisions"}],"predecessor-version":[{"id":160852,"href":"https:\/\/nvnoticias.mx\/index.php\/wp-json\/wp\/v2\/posts\/160850\/revisions\/160852"}],"wp:featuredmedia":[{"embeddable":true,"href":"https:\/\/nvnoticias.mx\/index.php\/wp-json\/wp\/v2\/media\/160851"}],"wp:attachment":[{"href":"https:\/\/nvnoticias.mx\/index.php\/wp-json\/wp\/v2\/media?parent=160850"}],"wp:term":[{"taxonomy":"category","embeddable":true,"href":"https:\/\/nvnoticias.mx\/index.php\/wp-json\/wp\/v2\/categories?post=160850"},{"taxonomy":"post_tag","embeddable":true,"href":"https:\/\/nvnoticias.mx\/index.php\/wp-json\/wp\/v2\/tags?post=160850"}],"curies":[{"name":"wp","href":"https:\/\/api.w.org\/{rel}","templated":true}]}}