{"id":16074,"date":"2021-06-13T13:03:25","date_gmt":"2021-06-13T18:03:25","guid":{"rendered":"https:\/\/nvnoticias.mx\/?p=16074"},"modified":"2021-06-13T13:03:25","modified_gmt":"2021-06-13T18:03:25","slug":"piden-vacunas-para-personal-de-las-funerarias","status":"publish","type":"post","link":"https:\/\/nvnoticias.mx\/index.php\/2021\/06\/13\/piden-vacunas-para-personal-de-las-funerarias\/","title":{"rendered":"Piden vacunas para personal de las funerarias"},"content":{"rendered":"\n<p><strong>Jes\u00fas Utrilla \/ NV Noticias<\/strong><\/p>\n\n\n\n<p>Jaqueline Rivera, directora de Funeraria del \u00c1ngel solicit\u00f3 que la Secretar\u00eda de Salud vacune al personal que labora en las funerarias, ya que son m\u00e1s de 6 mil colaboradores en todo el pa\u00eds.<\/p>\n\n\n\n<p>Coment\u00f3 que falleci\u00f3 el 10 por ciento de los 120 empresarios de la Asociaci\u00f3n de Directores Funerarios.<\/p>\n\n\n\n<p>Y aunque muchos podr\u00edan ser vacunados a la brevedad, record\u00f3 que aun falta por avanzar en la jornada contra el COVID.<\/p>\n\n\n\n<blockquote class=\"wp-block-quote is-layout-flow wp-block-quote-is-layout-flow\"><p>\u201cDe nuestra Asociaci\u00f3n el 10 por ciento perdi\u00f3 la vida a nivel nacional por COVID\u201d.<\/p><\/blockquote>\n\n\n\n<p>Desde abril del a\u00f1o pasado solicitaron la vacuna para inmunizar a quienes se dedican a los servicios funerarios, pero no la recibieron.<\/p>\n\n\n\n<p>Aclar\u00f3 que los protocolos se mantienen\u00a0 y las funerarias trabajan con las salas al 50 por ciento.<\/p>\n\n\n\n<p>Llam\u00f3 a no bajar la guardia ya que mantienen los fallecimientos por coronavirus.<\/p>\n","protected":false},"excerpt":{"rendered":"<p>Jes\u00fas Utrilla \/ NV Noticias Jaqueline Rivera, directora de Funeraria del \u00c1ngel solicit\u00f3 que la Secretar\u00eda de Salud vacune al personal que labora en las funerarias, ya que son m\u00e1s de 6 mil colaboradores en todo el pa\u00eds. Coment\u00f3 que falleci\u00f3 el 10 por ciento de los 120 empresarios de la Asociaci\u00f3n de Directores Funerarios. [&hellip;]<\/p>\n","protected":false},"author":7,"featured_media":16076,"comment_status":"open","ping_status":"open","sticky":false,"template":"","format":"standard","meta":{"_monsterinsights_skip_tracking":false,"_monsterinsights_sitenote_active":false,"_monsterinsights_sitenote_note":"","_monsterinsights_sitenote_category":0,"footnotes":""},"categories":[154],"tags":[175,872,403],"class_list":["post-16074","post","type-post","status-publish","format-standard","has-post-thumbnail","hentry","category-veracruz","tag-covid-19","tag-funerarias","tag-vacunas","wp-image-borders"],"amp_enabled":true,"_links":{"self":[{"href":"https:\/\/nvnoticias.mx\/index.php\/wp-json\/wp\/v2\/posts\/16074","targetHints":{"allow":["GET"]}}],"collection":[{"href":"https:\/\/nvnoticias.mx\/index.php\/wp-json\/wp\/v2\/posts"}],"about":[{"href":"https:\/\/nvnoticias.mx\/index.php\/wp-json\/wp\/v2\/types\/post"}],"author":[{"embeddable":true,"href":"https:\/\/nvnoticias.mx\/index.php\/wp-json\/wp\/v2\/users\/7"}],"replies":[{"embeddable":true,"href":"https:\/\/nvnoticias.mx\/index.php\/wp-json\/wp\/v2\/comments?post=16074"}],"version-history":[{"count":1,"href":"https:\/\/nvnoticias.mx\/index.php\/wp-json\/wp\/v2\/posts\/16074\/revisions"}],"predecessor-version":[{"id":16077,"href":"https:\/\/nvnoticias.mx\/index.php\/wp-json\/wp\/v2\/posts\/16074\/revisions\/16077"}],"wp:featuredmedia":[{"embeddable":true,"href":"https:\/\/nvnoticias.mx\/index.php\/wp-json\/wp\/v2\/media\/16076"}],"wp:attachment":[{"href":"https:\/\/nvnoticias.mx\/index.php\/wp-json\/wp\/v2\/media?parent=16074"}],"wp:term":[{"taxonomy":"category","embeddable":true,"href":"https:\/\/nvnoticias.mx\/index.php\/wp-json\/wp\/v2\/categories?post=16074"},{"taxonomy":"post_tag","embeddable":true,"href":"https:\/\/nvnoticias.mx\/index.php\/wp-json\/wp\/v2\/tags?post=16074"}],"curies":[{"name":"wp","href":"https:\/\/api.w.org\/{rel}","templated":true}]}}