{"id":160735,"date":"2024-09-27T08:57:29","date_gmt":"2024-09-27T14:57:29","guid":{"rendered":"https:\/\/nvnoticias.mx\/?p=160735"},"modified":"2024-09-27T08:57:31","modified_gmt":"2024-09-27T14:57:31","slug":"hacia-una-dictadura-o-un-gobierno-democratico-soberanista","status":"publish","type":"post","link":"https:\/\/nvnoticias.mx\/index.php\/2024\/09\/27\/hacia-una-dictadura-o-un-gobierno-democratico-soberanista\/","title":{"rendered":"\u00bfHacia una Dictadura o un Gobierno Democr\u00e1tico Soberanista?"},"content":{"rendered":"\n<p>An\u00e1lisis del Legado de L\u00f3pez Obrador<\/p>\n\n\n\n<p>Mois\u00e9s Hern\u00e1ndez Yoldi <\/p>\n\n\n\n<p>En los \u00faltimos meses, el gobierno del presidente Andr\u00e9s Manuel L\u00f3pez Obrador ha sido objeto de duras cr\u00edticas tanto en M\u00e9xico como en el extranjero. A medida que su mandato se acerca a su fin, varios medios y analistas han expresado su preocupaci\u00f3n por las reformas aprobadas en el Congreso, donde Morena, el partido en el poder, ha utilizado su mayor\u00eda para impulsar cambios estructurales.<\/p>\n\n\n\n<p>Entre las acusaciones m\u00e1s pol\u00e9micas est\u00e1 la de que M\u00e9xico camina hacia un gobierno autoritario, e incluso, algunos insisten en que est\u00e1 a las puertas de una dictadura. Sin embargo, esta narrativa, en opini\u00f3n de muchos observadores, carece de fundamento y responde m\u00e1s a intereses pol\u00edticos y econ\u00f3micos que a la realidad del sistema democr\u00e1tico mexicano.<\/p>\n\n\n\n<p>Concentraci\u00f3n de Poder y Reformas Pol\u00edticas<\/p>\n\n\n\n<p>Uno de los temas m\u00e1s debatidos es el aparente riesgo de la concentraci\u00f3n de poder. La mayor\u00eda legislativa que Morena ha mantenido tanto en la C\u00e1mara de Diputados como en el Senado ha permitido la aprobaci\u00f3n de reformas clave, como la judicial, electoral y la militar.<\/p>\n\n\n\n<p>Estos cambios han provocado la alarma de algunos sectores que argumentan que el gobierno de L\u00f3pez Obrador est\u00e1 debilitando los contrapesos democr\u00e1ticos. Joaqu\u00edn L\u00f3pez-D\u00f3riga, reconocido periodista, ha se\u00f1alado que \u201cL\u00f3pez Obrador ha utilizado su control del Congreso para reconfigurar las instituciones del pa\u00eds a su favor\u201d, lo que podr\u00eda poner en riesgo la democracia a largo plazo.<\/p>\n\n\n\n<p>Por su parte, la analista Denise Dresser ha sido una de las voces m\u00e1s cr\u00edticas, advirtiendo que las reformas impulsadas por el gobierno \u201cdesmontan el sistema de contrapesos democr\u00e1ticos\u201d que se construy\u00f3 tras la transici\u00f3n a la democracia en 2000.<\/p>\n\n\n\n<p>En particular, Dresser ha expresado su preocupaci\u00f3n por la reforma electoral, que modifica las estructuras del Instituto Nacional Electoral (INE) y podr\u00eda, seg\u00fan ella, \u201creducir la independencia del \u00f3rgano electoral, favoreciendo la permanencia de Morena en el poder\u201d.<\/p>\n\n\n\n<p>Blanca Heredia, acad\u00e9mica del CIDE, ha enfatizado que \u201cla posibilidad de centralizar poder es real, pero no debemos caer en la narrativa del catastrofismo. El sistema pol\u00edtico mexicano sigue siendo fuerte y las elecciones de 2024 ser\u00e1n clave para medir la resiliencia de la democracia mexicana\u201d. Para Heredia, el futuro de M\u00e9xico depende no solo de las instituciones, sino de la capacidad de los ciudadanos para participar activamente en el proceso democr\u00e1tico.<\/p>\n\n\n\n<p>Sin embargo, hablar de una dictadura es una afirmaci\u00f3n que muchos consideran exagerada. Jes\u00fas Silva-Herzog M\u00e1rquez, acad\u00e9mico y columnista, si bien reconoce la concentraci\u00f3n de poder en el Ejecutivo, se\u00f1ala que \u201cla democracia mexicana es mucho m\u00e1s robusta de lo que algunos actores quieren hacer ver.<\/p>\n\n\n\n<p>Hablar de dictadura es un desprop\u00f3sito que solo enciende la polarizaci\u00f3n en el pa\u00eds\u201d. Desde su perspectiva, las reformas deben ser vistas bajo la luz de un cambio de paradigma en la manera de gobernar, m\u00e1s que un debilitamiento del sistema democr\u00e1tico.<\/p>\n\n\n\n<p>El Gobierno Soberanista y la Resistencia de los Poderes F\u00e1cticos<\/p>\n\n\n\n<p>Uno de los ejes centrales del discurso de L\u00f3pez Obrador ha sido su proyecto de soberan\u00eda nacional. Bajo esta bandera, ha impulsado una pol\u00edtica de rescate de los recursos estrat\u00e9gicos, como el petr\u00f3leo y la energ\u00eda el\u00e9ctrica, priorizando a las empresas estatales como Pemex y la CFE.<\/p>\n\n\n\n<p>Este enfoque ha generado tensiones con sectores privados y con gobiernos extranjeros, especialmente en el marco del Tratado entre M\u00e9xico, Estados Unidos y Canad\u00e1 (T-MEC), debido a las preocupaciones sobre las reglas de competencia y el respeto a las inversiones extranjeras.<\/p>\n\n\n\n<p>The Economist, en un art\u00edculo reciente, calific\u00f3 el enfoque energ\u00e9tico de L\u00f3pez Obrador como \u201cnacionalista y retr\u00f3grado\u201d, argumentando que aleja la inversi\u00f3n privada y podr\u00eda retrasar el crecimiento econ\u00f3mico. Desde esta \u00f3ptica, las pol\u00edticas del presidente son vistas como una amenaza al libre mercado y a la estabilidad econ\u00f3mica de M\u00e9xico en el contexto global.<\/p>\n\n\n\n<p>Sin embargo, otros analistas defienden este modelo soberanista. John M. Ackerman, acad\u00e9mico de la UNAM y defensor del gobierno de L\u00f3pez Obrador, ha se\u00f1alado que \u201clas cr\u00edticas sobre la concentraci\u00f3n de poder y las reformas energ\u00e9ticas son parte de una narrativa impulsada por los poderes f\u00e1cticos que se han beneficiado durante d\u00e9cadas del saqueo de los recursos nacionales\u201d.<\/p>\n\n\n\n<p>Ackerman sostiene que la pol\u00edtica de L\u00f3pez Obrador responde a la necesidad de recuperar la soberan\u00eda econ\u00f3mica de M\u00e9xico y de reducir la dependencia de capital extranjero.<\/p>\n\n\n\n<p>Por su parte, Carlos P\u00e9rez Ricart, polit\u00f3logo, argumenta que la pol\u00edtica de L\u00f3pez Obrador en este \u00e1mbito es m\u00e1s pragm\u00e1tica de lo que sus cr\u00edticos sugieren: \u201cEl presidente ha sido muy claro en que su prioridad es recuperar el control sobre los recursos estrat\u00e9gicos, y aunque esto genera tensiones, no podemos ignorar que este tipo de pol\u00edticas son necesarias para equilibrar las relaciones con potencias como Estados Unidos\u201d.<\/p>\n\n\n\n<p>P\u00e9rez Ricart agrega que la defensa de los intereses nacionales no debe interpretarse como una se\u00f1al de autoritarismo, sino como parte de una estrategia para reconfigurar la relaci\u00f3n de M\u00e9xico con el mundo.<\/p>\n\n\n\n<p>\u00bfPresiones Internas y Externas?<\/p>\n\n\n\n<p>El gobierno de L\u00f3pez Obrador tambi\u00e9n se ha enfrentado a presiones internas y externas. En el \u00e1mbito interno, las tensiones con sectores empresariales y medios de comunicaci\u00f3n han sido recurrentes. A pesar de estas fricciones, M\u00e9xico sigue siendo un pa\u00eds con una amplia libertad de expresi\u00f3n.<\/p>\n\n\n\n<p>Raymundo Riva Palacio, periodista y cr\u00edtico del gobierno, ha reconocido que \u201csi bien la relaci\u00f3n entre el presidente y los medios es tensa, no se ha cerrado el espacio para la cr\u00edtica\u201d, lo que desmiente las afirmaciones de una supuesta censura o persecuci\u00f3n a la prensa.<\/p>\n\n\n\n<p>En el plano internacional, L\u00f3pez Obrador ha mantenido una postura de independencia frente a los Estados Unidos y otros actores globales, lo que ha generado tanto admiraci\u00f3n como inquietud.<\/p>\n\n\n\n<p>Vanda Felbab-Brown, analista de la Brookings Institution, ha se\u00f1alado que \u201cla relaci\u00f3n de M\u00e9xico con Estados Unidos, en particular, ha sido compleja bajo el mandato de L\u00f3pez Obrador, pero no hay indicios de una ruptura\u201d. Seg\u00fan Felbab-Brown, la pol\u00edtica exterior de AMLO ha sido pragm\u00e1tica, aunque con tintes soberanistas que a veces chocan con los intereses de Washington.<\/p>\n\n\n\n<p>El economista Jonathan Heath, subgobernador del Banco de M\u00e9xico, ha subrayado que \u201cel manejo econ\u00f3mico de la administraci\u00f3n ha sido m\u00e1s conservador de lo que se esperaba\u201d. Heath menciona que si bien ha habido una ret\u00f3rica antineoliberal, en la pr\u00e1ctica, la pol\u00edtica macroecon\u00f3mica ha sido prudente.<\/p>\n\n\n\n<p>Sin embargo, advierte que los riesgos a largo plazo provienen de una ca\u00edda en la confianza empresarial debido a las tensiones pol\u00edticas.<\/p>\n\n\n\n<p>Javier Tello, analista pol\u00edtico, sostiene que \u201cel proyecto de L\u00f3pez Obrador tiene un componente de resistencia interna contra los poderes tradicionales. A pesar de las cr\u00edticas, el presidente ha mantenido su base electoral, lo que indica que su proyecto sigue teniendo legitimidad entre amplios sectores de la poblaci\u00f3n\u201d.<\/p>\n\n\n\n<p>Conclusi\u00f3n: \u00bfAutoritarismo o Transformaci\u00f3n?<\/p>\n\n\n\n<p>La polarizaci\u00f3n pol\u00edtica y social que se ha vivido durante el mandato de L\u00f3pez Obrador no es un fen\u00f3meno exclusivo de su administraci\u00f3n, sino que refleja tensiones acumuladas durante a\u00f1os. Las reformas impulsadas por su gobierno han generado cr\u00edticas y resistencias, especialmente entre los sectores m\u00e1s beneficiados por el modelo neoliberal que el presidente busca desmontar.<\/p>\n\n\n\n<p>Si bien las acusaciones de que M\u00e9xico se dirige hacia una dictadura carecen de fundamentos s\u00f3lidos, el debate sobre la concentraci\u00f3n de poder es leg\u00edtimo. El reto de L\u00f3pez Obrador ha sido equilibrar su proyecto de transformaci\u00f3n sin debilitar las instituciones democr\u00e1ticas, una tarea que a\u00fan est\u00e1 por concluir. Su sucesora, Claudia Sheinbaum, heredar\u00e1 tanto los logros como los desaf\u00edos de este sexenio, y el futuro del pa\u00eds depender\u00e1 en gran medida de c\u00f3mo se gestione esta transici\u00f3n.<\/p>\n\n\n\n<p>En \u00faltima instancia, las cr\u00edticas al gobierno de L\u00f3pez Obrador son parte de un debate sano y necesario en cualquier democracia. Lo que queda claro es que la Cuarta Transformaci\u00f3n no ha sido un proceso sin controversias, pero tampoco ha significado el fin de la democracia mexicana, como algunos sectores insisten en sugerir.<\/p>\n","protected":false},"excerpt":{"rendered":"<p>An\u00e1lisis del Legado de L\u00f3pez Obrador Mois\u00e9s Hern\u00e1ndez Yoldi En los \u00faltimos meses, el gobierno del presidente Andr\u00e9s Manuel L\u00f3pez Obrador ha sido objeto de duras cr\u00edticas tanto en M\u00e9xico como en el extranjero. A medida que su mandato se acerca a su fin, varios medios y analistas han expresado su preocupaci\u00f3n por las reformas [&hellip;]<\/p>\n","protected":false},"author":11,"featured_media":160736,"comment_status":"open","ping_status":"open","sticky":false,"template":"","format":"standard","meta":{"_monsterinsights_skip_tracking":false,"_monsterinsights_sitenote_active":false,"_monsterinsights_sitenote_note":"","_monsterinsights_sitenote_category":0,"footnotes":""},"categories":[429],"tags":[430],"class_list":["post-160735","post","type-post","status-publish","format-standard","has-post-thumbnail","hentry","category-artillero","tag-moises-hernandez-yoldi","wp-image-borders"],"amp_enabled":true,"_links":{"self":[{"href":"https:\/\/nvnoticias.mx\/index.php\/wp-json\/wp\/v2\/posts\/160735","targetHints":{"allow":["GET"]}}],"collection":[{"href":"https:\/\/nvnoticias.mx\/index.php\/wp-json\/wp\/v2\/posts"}],"about":[{"href":"https:\/\/nvnoticias.mx\/index.php\/wp-json\/wp\/v2\/types\/post"}],"author":[{"embeddable":true,"href":"https:\/\/nvnoticias.mx\/index.php\/wp-json\/wp\/v2\/users\/11"}],"replies":[{"embeddable":true,"href":"https:\/\/nvnoticias.mx\/index.php\/wp-json\/wp\/v2\/comments?post=160735"}],"version-history":[{"count":1,"href":"https:\/\/nvnoticias.mx\/index.php\/wp-json\/wp\/v2\/posts\/160735\/revisions"}],"predecessor-version":[{"id":160737,"href":"https:\/\/nvnoticias.mx\/index.php\/wp-json\/wp\/v2\/posts\/160735\/revisions\/160737"}],"wp:featuredmedia":[{"embeddable":true,"href":"https:\/\/nvnoticias.mx\/index.php\/wp-json\/wp\/v2\/media\/160736"}],"wp:attachment":[{"href":"https:\/\/nvnoticias.mx\/index.php\/wp-json\/wp\/v2\/media?parent=160735"}],"wp:term":[{"taxonomy":"category","embeddable":true,"href":"https:\/\/nvnoticias.mx\/index.php\/wp-json\/wp\/v2\/categories?post=160735"},{"taxonomy":"post_tag","embeddable":true,"href":"https:\/\/nvnoticias.mx\/index.php\/wp-json\/wp\/v2\/tags?post=160735"}],"curies":[{"name":"wp","href":"https:\/\/api.w.org\/{rel}","templated":true}]}}