{"id":160675,"date":"2024-09-26T12:43:17","date_gmt":"2024-09-26T18:43:17","guid":{"rendered":"https:\/\/nvnoticias.mx\/?p=160675"},"modified":"2024-09-26T12:43:19","modified_gmt":"2024-09-26T18:43:19","slug":"habla-tomas-zeron-en-serie-de-max-a-10-anos-de-desaparicion-de-los-43-normalistas","status":"publish","type":"post","link":"https:\/\/nvnoticias.mx\/index.php\/2024\/09\/26\/habla-tomas-zeron-en-serie-de-max-a-10-anos-de-desaparicion-de-los-43-normalistas\/","title":{"rendered":"Habla Tom\u00e1s Zer\u00f3n en serie de MAX a 10 a\u00f1os de desaparici\u00f3n de los 43 normalistas"},"content":{"rendered":"\n<p>Tom\u00e1s Zer\u00f3n de Lucio, quien vive en Israel, pa\u00eds con el que M\u00e9xico no tiene tratado de extradici\u00f3n, y que cuenta con una orden de aprehensi\u00f3n en su contra por presunta tortura, asegur\u00f3 en Los 43 de Ayotzinapa: Un crimen de Estado, que \u00e9l no escap\u00f3, pues durante su gesti\u00f3n como funcionario de primer nivel que particip\u00f3 en la investigaci\u00f3n por la desaparici\u00f3n forzada de los 43 estudiantes normalistas, &#8220;no hubo ninguna manipulaci\u00f3n&#8221;.<\/p>\n\n\n\n<p>En &#8220;Crimen de Estado&#8221;, el cuarto episodio de la serie documental, que ya est\u00e1 disponible en la plataforma, MAX presenta un resumen del curso que tomaron las investigaciones tras la desaparici\u00f3n de los 43 estudiantes de la Normal Rural Ra\u00fal Isidro Burgos en Guerrero.\u00a0<br><\/p>\n\n\n\n<p>En este cap\u00edtulo, adem\u00e1s de conversaciones con periodistas, integrantes del Grupo Interdisciplinario de Expertos Independientes (GIEI), ex funcionarios de la administraci\u00f3n del presidente Andr\u00e9s Manuel L\u00f3pez Obrador, como Alejandro Encinas, MAX presenta nuevos fragmentos de le entrevista con el ex titular de la Agencia de Investigaci\u00f3n Criminal (AIC).<\/p>\n\n\n\n<p>Este jueves 26 de septiembre se cumple una d\u00e9cada de la desaparici\u00f3n de los j\u00f3venes de Ayotzinapa. Hasta esta fecha, el caso no ha sido resuelto, incluso, el presidente L\u00f3pez Obrador reconoci\u00f3, durante su conferencia de prensa matutina del mi\u00e9rcoles 25, que \u201cha sido poco lo alcanzado\u201d.<br><br>Fuente: Milenio <\/p>\n\n\n\n<p><\/p>\n\n\n\n<p><br><\/p>\n","protected":false},"excerpt":{"rendered":"<p>Tom\u00e1s Zer\u00f3n de Lucio, quien vive en Israel, pa\u00eds con el que M\u00e9xico no tiene tratado de extradici\u00f3n, y que cuenta con una orden de aprehensi\u00f3n en su contra por presunta tortura, asegur\u00f3 en Los 43 de Ayotzinapa: Un crimen de Estado, que \u00e9l no escap\u00f3, pues durante su gesti\u00f3n como funcionario de primer nivel [&hellip;]<\/p>\n","protected":false},"author":35,"featured_media":19081,"comment_status":"open","ping_status":"open","sticky":false,"template":"","format":"standard","meta":{"_monsterinsights_skip_tracking":false,"_monsterinsights_sitenote_active":false,"_monsterinsights_sitenote_note":"","_monsterinsights_sitenote_category":0,"footnotes":""},"categories":[158],"tags":[389],"class_list":["post-160675","post","type-post","status-publish","format-standard","has-post-thumbnail","hentry","category-politica","tag-tomas-zeron","wp-image-borders"],"amp_enabled":true,"_links":{"self":[{"href":"https:\/\/nvnoticias.mx\/index.php\/wp-json\/wp\/v2\/posts\/160675","targetHints":{"allow":["GET"]}}],"collection":[{"href":"https:\/\/nvnoticias.mx\/index.php\/wp-json\/wp\/v2\/posts"}],"about":[{"href":"https:\/\/nvnoticias.mx\/index.php\/wp-json\/wp\/v2\/types\/post"}],"author":[{"embeddable":true,"href":"https:\/\/nvnoticias.mx\/index.php\/wp-json\/wp\/v2\/users\/35"}],"replies":[{"embeddable":true,"href":"https:\/\/nvnoticias.mx\/index.php\/wp-json\/wp\/v2\/comments?post=160675"}],"version-history":[{"count":5,"href":"https:\/\/nvnoticias.mx\/index.php\/wp-json\/wp\/v2\/posts\/160675\/revisions"}],"predecessor-version":[{"id":160680,"href":"https:\/\/nvnoticias.mx\/index.php\/wp-json\/wp\/v2\/posts\/160675\/revisions\/160680"}],"wp:featuredmedia":[{"embeddable":true,"href":"https:\/\/nvnoticias.mx\/index.php\/wp-json\/wp\/v2\/media\/19081"}],"wp:attachment":[{"href":"https:\/\/nvnoticias.mx\/index.php\/wp-json\/wp\/v2\/media?parent=160675"}],"wp:term":[{"taxonomy":"category","embeddable":true,"href":"https:\/\/nvnoticias.mx\/index.php\/wp-json\/wp\/v2\/categories?post=160675"},{"taxonomy":"post_tag","embeddable":true,"href":"https:\/\/nvnoticias.mx\/index.php\/wp-json\/wp\/v2\/tags?post=160675"}],"curies":[{"name":"wp","href":"https:\/\/api.w.org\/{rel}","templated":true}]}}