{"id":160546,"date":"2024-09-24T18:25:16","date_gmt":"2024-09-25T00:25:16","guid":{"rendered":"https:\/\/nvnoticias.mx\/?p=160546"},"modified":"2024-09-24T18:25:17","modified_gmt":"2024-09-25T00:25:17","slug":"santi-gimenez-jugara-hasta-el-2025-tras-lesion","status":"publish","type":"post","link":"https:\/\/nvnoticias.mx\/index.php\/2024\/09\/24\/santi-gimenez-jugara-hasta-el-2025-tras-lesion\/","title":{"rendered":"Santi Gim\u00e9nez jugar\u00e1 hasta el 2025 tras lesi\u00f3n"},"content":{"rendered":"\n<p><\/p>\n\n\n\n<p>El mexicano&nbsp;<strong>Santiago Gim\u00e9nez<\/strong>, delantero del&nbsp;<strong>Feyenoord<\/strong>&nbsp;y candidato a representar a&nbsp;<strong>M\u00e9xico en la selecci\u00f3n nacional<\/strong>&nbsp;para la Liga de Naciones Concacaf, que&nbsp;<strong>se lesion\u00f3 el domingo<\/strong>&nbsp;en el partido de la Eredivisie ante el Breda, tendr\u00e1 que estar aproximadamente unos&nbsp;<strong>tres meses de baja<\/strong>, seg\u00fan inform\u00f3 este martes el club neerland\u00e9s.<\/p>\n\n\n\n<p>En la sexta jornada del torneo neerland\u00e9s, despu\u00e9s de la dura derrota encajada en la\u00a0<strong>Liga de Campeones<\/strong>\u00a0contra el\u00a0<strong>Bayer Leverkusen<\/strong>\u00a0(0-4), el mexicano, que sali\u00f3 de titular ante el Breda, sinti\u00f3 una\u00a0<strong>molestia en la pierna derecha<\/strong>. Saltaron al campo los componentes del cuerpo t\u00e9cnico del cuadro local, que atendieron al jugador,\u00a0<strong>retirado en camilla<\/strong>.<\/p>\n\n\n\n<p>El Feyenoord se limita a informar que tras las pruebas adicionales que se le han practicado tiene una&nbsp;<strong>lesi\u00f3n en el muslo<\/strong>&nbsp;que \u201crequiere un periodo de recuperaci\u00f3n de aproximadamente tres meses\u201d.<\/p>\n\n\n\n<p>Gim\u00e9nez hab\u00eda jugado en los siete encuentros disputados por el Feyenoord desde el inicio oficial de esta campa\u00f1a, en los que consigui\u00f3\u00a0<strong>cuatro tantos<\/strong>.<\/p>\n\n\n\n<p>Fuente: <a href=\"https:\/\/aristeguinoticias.com\/2409\/deportes\/cuanto-tiempo-se-perdera-santi-gimenez-tras-su-lesion\/\">Aristegui Noticias<\/a><\/p>\n","protected":false},"excerpt":{"rendered":"<p>El mexicano&nbsp;Santiago Gim\u00e9nez, delantero del&nbsp;Feyenoord&nbsp;y candidato a representar a&nbsp;M\u00e9xico en la selecci\u00f3n nacional&nbsp;para la Liga de Naciones Concacaf, que&nbsp;se lesion\u00f3 el domingo&nbsp;en el partido de la Eredivisie ante el Breda, tendr\u00e1 que estar aproximadamente unos&nbsp;tres meses de baja, seg\u00fan inform\u00f3 este martes el club neerland\u00e9s. En la sexta jornada del torneo neerland\u00e9s, despu\u00e9s de la [&hellip;]<\/p>\n","protected":false},"author":8,"featured_media":160547,"comment_status":"open","ping_status":"open","sticky":false,"template":"","format":"standard","meta":{"_monsterinsights_skip_tracking":false,"_monsterinsights_sitenote_active":false,"_monsterinsights_sitenote_note":"","_monsterinsights_sitenote_category":0,"footnotes":""},"categories":[159],"tags":[17732,7485,17699],"class_list":["post-160546","post","type-post","status-publish","format-standard","has-post-thumbnail","hentry","category-deportes","tag-feyenoord","tag-lesion","tag-santiago-gimenez","wp-image-borders"],"amp_enabled":true,"_links":{"self":[{"href":"https:\/\/nvnoticias.mx\/index.php\/wp-json\/wp\/v2\/posts\/160546","targetHints":{"allow":["GET"]}}],"collection":[{"href":"https:\/\/nvnoticias.mx\/index.php\/wp-json\/wp\/v2\/posts"}],"about":[{"href":"https:\/\/nvnoticias.mx\/index.php\/wp-json\/wp\/v2\/types\/post"}],"author":[{"embeddable":true,"href":"https:\/\/nvnoticias.mx\/index.php\/wp-json\/wp\/v2\/users\/8"}],"replies":[{"embeddable":true,"href":"https:\/\/nvnoticias.mx\/index.php\/wp-json\/wp\/v2\/comments?post=160546"}],"version-history":[{"count":1,"href":"https:\/\/nvnoticias.mx\/index.php\/wp-json\/wp\/v2\/posts\/160546\/revisions"}],"predecessor-version":[{"id":160548,"href":"https:\/\/nvnoticias.mx\/index.php\/wp-json\/wp\/v2\/posts\/160546\/revisions\/160548"}],"wp:featuredmedia":[{"embeddable":true,"href":"https:\/\/nvnoticias.mx\/index.php\/wp-json\/wp\/v2\/media\/160547"}],"wp:attachment":[{"href":"https:\/\/nvnoticias.mx\/index.php\/wp-json\/wp\/v2\/media?parent=160546"}],"wp:term":[{"taxonomy":"category","embeddable":true,"href":"https:\/\/nvnoticias.mx\/index.php\/wp-json\/wp\/v2\/categories?post=160546"},{"taxonomy":"post_tag","embeddable":true,"href":"https:\/\/nvnoticias.mx\/index.php\/wp-json\/wp\/v2\/tags?post=160546"}],"curies":[{"name":"wp","href":"https:\/\/api.w.org\/{rel}","templated":true}]}}