{"id":160543,"date":"2024-09-24T18:20:53","date_gmt":"2024-09-25T00:20:53","guid":{"rendered":"https:\/\/nvnoticias.mx\/?p=160543"},"modified":"2024-09-24T18:20:54","modified_gmt":"2024-09-25T00:20:54","slug":"brett-favre-es-diagnosticado-con-parkinson","status":"publish","type":"post","link":"https:\/\/nvnoticias.mx\/index.php\/2024\/09\/24\/brett-favre-es-diagnosticado-con-parkinson\/","title":{"rendered":"Brett Favre es diagnosticado con Parkinson"},"content":{"rendered":"\n<p><\/p>\n\n\n\n<p>Brett Favre, miembro del Sal\u00f3n de la Fama del F\u00fatbol Americano y leyenda de los Green Bay Packers de la NFL, anunci\u00f3 este martes que fue diagnosticado con la enfermedad de Parkinson.<\/p>\n\n\n\n<p>&#8220;Lamentablemente tambi\u00e9n perd\u00ed una inversi\u00f3n en una empresa que cre\u00eda que estaba desarrollando un medicamento innovador para las conmociones cerebrales que pens\u00e9 que ayudar\u00eda a otros, hoy es demasiado tarde para m\u00ed porque recientemente me diagnosticaron Parkinson, \u00e9sta tambi\u00e9n es una causa que me toca el coraz\u00f3n&#8221;, dijo el ex mariscal de campo de 54 a\u00f1os.<\/p>\n\n\n\n<p>La enfermedad de Parkinson es un trastorno cerebral que provoca movimientos involuntarios e incontrolables. Los s\u00edntomas, como temblores y dificultad con el equilibrio y la coordinaci\u00f3n, empeoran con el tiempo y a menudo progresan; y pueden dificultar caminar y hablar.<\/p>\n\n\n\n<p>Favre, campe\u00f3n en el Super Bowl XXXI con los Packers habl\u00f3 en Washington D.C., frente al Comit\u00e9 de Medios y Arbitrios de la C\u00e1mara de Representantes en una audiencia sobre el programa federal de Asistencia Temporal para Familias Necesitadas (TANF por sus siglas en ingl\u00e9s).<\/p>\n\n\n\n<p>El 11 veces seleccionado al Pro Bowl y tres veces Jugador M\u00e1s Valioso de la temporada de la NFL, testific\u00f3 por su posible mal uso del dinero de los contribuyentes.<\/p>\n\n\n\n<p>Favre est\u00e1 acusado de utilizar indebidamente sus conexiones pol\u00edticas para dirigir dinero p\u00fablico hacia la University of Southern Mississippi, su alma mater, donde su hija es entrenadora, y a su propio bolsillo.<\/p>\n\n\n\n<p>Brett Favre lleg\u00f3 a la NFL seleccionado en la segunda ronda del Draft 1991 por los Atlanta Falcons, equipo en el que permaneci\u00f3 una campa\u00f1a.<\/p>\n\n\n\n<p>En 1992 pas\u00f3 a los Green Bay Packers, franquicia con la que marcar\u00eda historia y con la que obtuvo su \u00fanico anillo de campe\u00f3n.<\/p>\n\n\n\n<p>En 2008 firm\u00f3 con los New York Jets y concluy\u00f3 sus 20 a\u00f1os de carrera en 2010, luego de jugar dos temporadas para los Minnesota Vikings.<\/p>\n\n\n\n<p>Fue incluido en el Sal\u00f3n de la Fama del F\u00fatbol Americano, que honra a las m\u00e1ximas leyendas de la NFL, en el 2016.<\/p>\n\n\n\n<p>En dos d\u00e9cadas en la NFL pas\u00f3 para 10.169 yardas y 508 anotaciones; sufri\u00f3 336 intercepciones.<\/p>\n","protected":false},"excerpt":{"rendered":"<p>Brett Favre, miembro del Sal\u00f3n de la Fama del F\u00fatbol Americano y leyenda de los Green Bay Packers de la NFL, anunci\u00f3 este martes que fue diagnosticado con la enfermedad de Parkinson. &#8220;Lamentablemente tambi\u00e9n perd\u00ed una inversi\u00f3n en una empresa que cre\u00eda que estaba desarrollando un medicamento innovador para las conmociones cerebrales que pens\u00e9 que [&hellip;]<\/p>\n","protected":false},"author":8,"featured_media":160544,"comment_status":"open","ping_status":"open","sticky":false,"template":"","format":"standard","meta":{"_monsterinsights_skip_tracking":false,"_monsterinsights_sitenote_active":false,"_monsterinsights_sitenote_note":"","_monsterinsights_sitenote_category":0,"footnotes":""},"categories":[159],"tags":[30958,97,2101],"class_list":["post-160543","post","type-post","status-publish","format-standard","has-post-thumbnail","hentry","category-deportes","tag-brett-favre","tag-nfl","tag-parkinson","wp-image-borders"],"amp_enabled":true,"_links":{"self":[{"href":"https:\/\/nvnoticias.mx\/index.php\/wp-json\/wp\/v2\/posts\/160543","targetHints":{"allow":["GET"]}}],"collection":[{"href":"https:\/\/nvnoticias.mx\/index.php\/wp-json\/wp\/v2\/posts"}],"about":[{"href":"https:\/\/nvnoticias.mx\/index.php\/wp-json\/wp\/v2\/types\/post"}],"author":[{"embeddable":true,"href":"https:\/\/nvnoticias.mx\/index.php\/wp-json\/wp\/v2\/users\/8"}],"replies":[{"embeddable":true,"href":"https:\/\/nvnoticias.mx\/index.php\/wp-json\/wp\/v2\/comments?post=160543"}],"version-history":[{"count":1,"href":"https:\/\/nvnoticias.mx\/index.php\/wp-json\/wp\/v2\/posts\/160543\/revisions"}],"predecessor-version":[{"id":160545,"href":"https:\/\/nvnoticias.mx\/index.php\/wp-json\/wp\/v2\/posts\/160543\/revisions\/160545"}],"wp:featuredmedia":[{"embeddable":true,"href":"https:\/\/nvnoticias.mx\/index.php\/wp-json\/wp\/v2\/media\/160544"}],"wp:attachment":[{"href":"https:\/\/nvnoticias.mx\/index.php\/wp-json\/wp\/v2\/media?parent=160543"}],"wp:term":[{"taxonomy":"category","embeddable":true,"href":"https:\/\/nvnoticias.mx\/index.php\/wp-json\/wp\/v2\/categories?post=160543"},{"taxonomy":"post_tag","embeddable":true,"href":"https:\/\/nvnoticias.mx\/index.php\/wp-json\/wp\/v2\/tags?post=160543"}],"curies":[{"name":"wp","href":"https:\/\/api.w.org\/{rel}","templated":true}]}}